{"id":10516,"date":"2019-08-01T17:13:34","date_gmt":"2019-08-01T13:13:34","guid":{"rendered":"https:\/\/www.cidademarketing.com.br\/marketing\/?p=10516"},"modified":"2019-08-01T17:13:37","modified_gmt":"2019-08-01T13:13:37","slug":"brasil-tem-128-milhoes-brasileiros-desempregados-a-quantidade-de-trabalhadores-por-conta-propria-bateu-recorde-da-serie-historica","status":"publish","type":"post","link":"https:\/\/www.cidademarketing.com.br\/marketing\/2019\/08\/01\/brasil-tem-128-milhoes-brasileiros-desempregados-a-quantidade-de-trabalhadores-por-conta-propria-bateu-recorde-da-serie-historica\/","title":{"rendered":"Brasil tem 12,8 milh\u00f5es brasileiros desempregados;  A quantidade de trabalhadores por conta pr\u00f3pria bateu recorde da s\u00e9rie hist\u00f3rica"},"content":{"rendered":"\n<p>A popula\u00e7\u00e3o desocupada (12,8 milh\u00f5es de pessoas) recuou (-4,6%, ou menos 621 mil pessoas em busca de trabalho) frente ao trimestre anterior e ficou estatisticamente est\u00e1vel em rela\u00e7\u00e3o a igual per\u00edodo de 2018. <\/p>\n\n\n\n<p>A popula\u00e7\u00e3o ocupada (93,3 milh\u00f5es de pessoas) cresceu em ambas as compara\u00e7\u00f5es: 1,6% (mais 1.479 mil pessoas) em rela\u00e7\u00e3o ao trimestre anterior e 2,6% (mais 2.401 mil pessoas) na compara\u00e7\u00e3o como o mesmo per\u00edodo de 2018. <\/p>\n\n\n\n<p>A popula\u00e7\u00e3o fora da for\u00e7a de trabalho (64,8 milh\u00f5es de pessoas) recuou em ambas as compara\u00e7\u00f5es: -0,8%, ou menos 494 mil pessoas frente ao trimestre anterior e -1,0%, ou menos 621 mil pessoas frente ao mesmo trimestre do ano anterior. <\/p>\n\n\n\n<p>A taxa composta de subutiliza\u00e7\u00e3o da for\u00e7a de trabalho (24,8%) n\u00e3o teve varia\u00e7\u00e3o estatisticamente significativa tanto em rela\u00e7\u00e3o ao trimestre anterior (25,0%) quanto ao mesmo trimestre m\u00f3vel de 2018 (24,5%). <\/p>\n\n\n\n<p>A popula\u00e7\u00e3o subutilizada (28,4 milh\u00f5es) n\u00e3o teve varia\u00e7\u00e3o significativa frente ao trimestre anterior e subiu 3,4% (mais 923 mil pessoas) frente ao mesmo tri de 2018. <\/p>\n\n\n\n<p>O n\u00famero de pessoas desalentadas (4,9 milh\u00f5es) n\u00e3o mostrou varia\u00e7\u00e3o significativa em ambas as compara\u00e7\u00f5es. O percentual de pessoas desalentadas em rela\u00e7\u00e3o \u00e0 popula\u00e7\u00e3o na for\u00e7a de trabalho ou desalentada foi de 4,4%, repetindo o recorde da s\u00e9rie e mantendo estabilidade em ambas as compara\u00e7\u00f5es. <\/p>\n\n\n\n<p>O n\u00famero de empregados no setor privado com carteira assinada (exclusive trabalhadores dom\u00e9sticos) foi de 33,2 milh\u00f5es de pessoas, subindo em ambas as compara\u00e7\u00f5es: 0,9% (mais 294 mil pessoas) frente ao trimestre anterior e 1,4% (mais 450 mil pessoas) frente ao mesmo per\u00edodo de 2018. Mas o n\u00famero de empregados sem carteira assinada (11,5 milh\u00f5es de pessoas) tamb\u00e9m subiu em ambas as compara\u00e7\u00f5es: 3,4% (mais 376 mil pessoas) frente ao trimestre anterior e 5,2% (mais 565 mil pessoas) em rela\u00e7\u00e3o ao mesmo trimestre de 2018. <\/p>\n\n\n\n<p>O n\u00famero de trabalhadores por conta pr\u00f3pria (24,1 milh\u00f5es) bateu novo recorde da s\u00e9rie hist\u00f3rica e subiu nas duas compara\u00e7\u00f5es: 1,6% (mais 391 mil pessoas) frente ao trimestre anterior e 5,0% (mais 1.156 mil pessoas) frente ao mesmo per\u00edodo de 2018. <\/p>\n\n\n\n<p>O rendimento m\u00e9dio real habitual (R$ 2.290) caiu 1,3% frente ao trimestre anterior e n\u00e3o teve varia\u00e7\u00e3o significativa frente ao mesmo trimestre de 2018. J\u00e1 a massa de rendimento real habitual (R$ 208,4 bilh\u00f5es) ficou est\u00e1vel em rela\u00e7\u00e3o ao trimestre anterior e cresceu 2,4% (mais R$ 4,8 bilh\u00f5es) frente ao mesmo per\u00edodo de 2018. <\/p>\n\n\n\n<p><strong>Taxa de Desocupa\u00e7\u00e3o &#8211; Brasil &#8211; 2012\/2019<br><\/strong><\/p>\n\n\n\n<p>A taxa de desocupa\u00e7\u00e3o foi estimada em 12,0% para o trimestre m\u00f3vel de abril a junho de 2019 e caiu 0,7 pontos percentuais (p.p.) em rela\u00e7\u00e3o ao trimestre de janeiro a mar\u00e7o de 2019 (12,7%). Na compara\u00e7\u00e3o com o mesmo trimestre m\u00f3vel de 2018, quando a taxa foi estimada em 12,4%, tamb\u00e9m houve queda (-0,4 ponto percentual).<\/p>\n\n\n\n<p>No trimestre m\u00f3vel de abril a junho de 2019, havia aproximadamente 12,8 milh\u00f5es de pessoas desocupadas no Brasil. Este contingente recuou (-4,6%, ou menos 621 mil pessoas em busca de trabalho) frente ao trimestre anterior e ficou estatisticamente est\u00e1vel em rela\u00e7\u00e3o a igual per\u00edodo de 2018.<\/p>\n\n\n\n<p>A taxa composta de subutiliza\u00e7\u00e3o da for\u00e7a de trabalho foi estimada em 24,8% no trimestre m\u00f3vel de abril a junho de 2019 e n\u00e3o mostrou varia\u00e7\u00e3o estatisticamente significativa em ambas as compara\u00e7\u00f5es: nem em rela\u00e7\u00e3o ao trimestre de janeiro a mar\u00e7o de 2019 (25,0%) quanto ao mesmo trimestre m\u00f3vel de 2018 (24,5%).<\/p>\n\n\n\n<p><strong>Taxa Composta de subutiliza\u00e7\u00e3o &#8211; trimestres de abril a junho \u2013 2012\/2019 Brasil (%)<br><\/strong><\/p>\n\n\n\n<p>O n\u00famero de pessoas subutilizadas no Brasil chegou a 28,4 milh\u00f5es no trimestre de abril a junho de 2019, sem mostrar varia\u00e7\u00e3o significativa frente ao trimestre de janeiro a mar\u00e7o de 2019. No confronto com igual trimestre de 2018, esta estimativa cresceu 3,4%, ou mais 923 mil pessoas subutilizadas.<\/p>\n\n\n\n<p>O n\u00famero de pessoas subocupadas por insufici\u00eancia de horas trabalhadas chegou a cerca de 7,4 milh\u00f5es no trimestre de abril a junho de 2019, um recorde da s\u00e9rie hist\u00f3rica. Houve um aumento de 8,7% em rela\u00e7\u00e3o ao trimestre anterior, ou mais 587 mil subocupados. Em rela\u00e7\u00e3o ao mesmo trimestre do ano anterior houve uma alta de 13,8%, o equivalente a mais 892 mil pessoas subocupadas.<\/p>\n\n\n\n<p>O contingente na for\u00e7a de trabalho potencial, no trimestre de abril a junho de 2019, foi estimado em 8,3 milh\u00f5es de pessoas e permaneceu est\u00e1vel em ambas as compara\u00e7\u00f5es.<\/p>\n\n\n\n<p>O contingente fora da for\u00e7a de trabalho, no trimestre de abril a junho de 2019 chegou a 64,8 milh\u00f5es de pessoas, com quedas em ambas as compara\u00e7\u00f5es: -0,8% (menos 494 mil pessoas) contra o trimestre anterior e -1,0% (menos 621 mil pessoas) frente ao mesmo trimestre de 2019.<\/p>\n\n\n\n<p>O contingente de pessoas desalentadas foi estimado 4,877 milh\u00f5es no trimestre de mar\u00e7o a maio de 2019. Houve estabilidade em ambas as compara\u00e7\u00f5es. J\u00e1 o percentual de pessoas desalentadas em rela\u00e7\u00e3o \u00e0 popula\u00e7\u00e3o na for\u00e7a de trabalho ou desalentada foi estimado em 4,4% e repetiu o recorde da s\u00e9rie hist\u00f3rica, ficando est\u00e1vel em ambas as compara\u00e7\u00f5es.<\/p>\n\n\n\n<p>A for\u00e7a de trabalho (pessoas ocupadas e desocupadas), no trimestre de abril a junho de 2019, foi estimado em 106,1 milh\u00f5es de pessoas. Esta popula\u00e7\u00e3o apresentou um incremento de 858 mil pessoas (0,8%), comparada com o trimestre anterior. Frente ao mesmo trimestre de 2018, houve alta de 2,2% (mais 2,2 milh\u00f5es de pessoas).<\/p>\n\n\n\n<p>A popula\u00e7\u00e3o ocupada foi estimada em aproximadamente 93,3 milh\u00f5es. Houve aumentos em ambas as compara\u00e7\u00f5es: de 1,6% (mais 1.479 mil pessoas) em rela\u00e7\u00e3o ao trimestre anterior e de 2,6% (mais 2.401 mil pessoas) contra o mesmo trimestre de 2019.<\/p>\n\n\n\n<p>O n\u00edvel da ocupa\u00e7\u00e3o (percentual de pessoas ocupadas na popula\u00e7\u00e3o em idade de trabalhar) chegou a 54,6% no trimestre de abril a junho de 2019 e cresceu em ambas as compara\u00e7\u00f5es: 0,8 p.p. frente ao trimestre anterior e 0,9 p.p. comparado ao mesmo trimestre de 2018.<\/p>\n\n\n\n<p>O contingente de empregados no setor privado com carteira de trabalho assinada (exclusive trabalhadores dom\u00e9sticos), estimado em 33,2 milh\u00f5es de pessoas, cresceu em ambas as compara\u00e7\u00f5es: 0,9% (o equivalente a 294 mil pessoas) frente ao trimestre anterior e 1,4% (mais 450 mil pessoas) frente ao mesmo trimestre do ano anterior.<\/p>\n\n\n\n<p>O n\u00famero de empregados no setor privado sem carteira de trabalho assinada (11,5 milh\u00f5es de pessoas) tamb\u00e9m cresceu em ambas as compara\u00e7\u00f5es: 3,4% (um incremento de 376 mil pessoas) em rela\u00e7\u00e3o ao trimestre anterior e 5,2% (mais 565 mil pessoas) em rela\u00e7\u00e3o ao mesmo trimestre do ano anterior.<\/p>\n\n\n\n<p>O contingente de trabalhadores por conta pr\u00f3pria chegou a 24,1 milh\u00f5es de pessoas, o recorde da s\u00e9rie hist\u00f3rica. Houve crescimento em ambas as compara\u00e7\u00f5es: 1,6% (mais 391 mil pessoas) frente ao trimestre anterior e 5,0% (mais 1,2 milh\u00e3o de pessoas) em rela\u00e7\u00e3o ao mesmo trimestre de 2018.<\/p>\n\n\n\n<p>A categoria dos empregadores chegou a 4,4 milh\u00f5es de pessoas, sem varia\u00e7\u00f5es significativas em ambas as compara\u00e7\u00f5es.<\/p>\n\n\n\n<p>O n\u00famero de trabalhadores dom\u00e9sticos, estimado em 6,3 milh\u00f5es de pessoas, cresceu 2,4% em rela\u00e7\u00e3o ao trimestre anterior e ficou est\u00e1vel frente ao mesmo trimestre de 2018.<\/p>\n\n\n\n<p>O grupo dos empregados no setor p\u00fablico (inclusive servidores estatut\u00e1rios e militares), estimado em 11,7 milh\u00f5es de pessoas, apresentou aumento de 2,6% frente ao trimestre anterior. Na compara\u00e7\u00e3o com o mesmo trimestre de 2018, n\u00e3o houve varia\u00e7\u00e3o estatisticamente significativa.<\/p>\n\n\n\n<p>O rendimento m\u00e9dio real habitualmente recebido em todos os trabalhos pelas pessoas ocupadas foi estimado em R$ 2 290 no trimestre de abril a junho de 2019, com queda de 1,3% frente ao trimestre anterior e estabilidade em rela\u00e7\u00e3o ao mesmo trimestre do ano anterior.<\/p>\n\n\n\n<p>A massa de rendimento real habitualmente recebido em todos os trabalhos pelas pessoas ocupadas foi estimada, para o trimestre m\u00f3vel de abril a junho de 2019, em R$ 208,4 bilh\u00f5es de reais. Houve estabilidade em rela\u00e7\u00e3o ao trimestre anterior e alta de 2,4% frente ao mesmo trimestre de 2018, o que representa um acr\u00e9scimo de R$ 4,8 bilh\u00f5es na massa de rendimentos.<\/p>\n","protected":false},"excerpt":{"rendered":"<p>A popula\u00e7\u00e3o desocupada (12,8 milh\u00f5es de pessoas) recuou (-4,6%, ou menos 621 mil pessoas em busca de trabalho) frente ao trimestre anterior e ficou estatisticamente est\u00e1vel em rela\u00e7\u00e3o a igual per\u00edodo de 2018. A popula\u00e7\u00e3o ocupada (93,3 milh\u00f5es de pessoas) cresceu em ambas as compara\u00e7\u00f5es: 1,6% (mais 1.479 mil pessoas) em rela\u00e7\u00e3o ao trimestre anterior [&hellip;]<\/p>\n","protected":false},"author":1,"featured_media":4512,"comment_status":"open","ping_status":"open","sticky":false,"template":"","format":"standard","meta":{"tdm_status":"","tdm_grid_status":"","footnotes":""},"categories":[6],"tags":[331,27,417],"class_list":["post-10516","post","type-post","status-publish","format-standard","has-post-thumbnail","hentry","category-noticias","tag-desemprego","tag-empreendedorismo","tag-ibge"],"yoast_head":"<!-- This site is optimized with the Yoast SEO plugin v27.5 - https:\/\/yoast.com\/product\/yoast-seo-wordpress\/ -->\n<title>Brasil tem 12,8 milh\u00f5es brasileiros desempregados; A quantidade de trabalhadores por conta pr\u00f3pria bateu recorde da s\u00e9rie hist\u00f3rica - CidadeMarketing<\/title>\n<meta name=\"robots\" content=\"index, follow, max-snippet:-1, max-image-preview:large, max-video-preview:-1\" \/>\n<link rel=\"canonical\" href=\"https:\/\/www.cidademarketing.com.br\/marketing\/2019\/08\/01\/brasil-tem-128-milhoes-brasileiros-desempregados-a-quantidade-de-trabalhadores-por-conta-propria-bateu-recorde-da-serie-historica\/\" \/>\n<meta property=\"og:locale\" content=\"pt_BR\" \/>\n<meta property=\"og:type\" content=\"article\" \/>\n<meta property=\"og:title\" content=\"Brasil tem 12,8 milh\u00f5es brasileiros desempregados; A quantidade de trabalhadores por conta pr\u00f3pria bateu recorde da s\u00e9rie hist\u00f3rica - CidadeMarketing\" \/>\n<meta property=\"og:description\" content=\"A popula\u00e7\u00e3o desocupada (12,8 milh\u00f5es de pessoas) recuou (-4,6%, ou menos 621 mil pessoas em busca de trabalho) frente ao trimestre anterior e ficou estatisticamente est\u00e1vel em rela\u00e7\u00e3o a igual per\u00edodo de 2018. A popula\u00e7\u00e3o ocupada (93,3 milh\u00f5es de pessoas) cresceu em ambas as compara\u00e7\u00f5es: 1,6% (mais 1.479 mil pessoas) em rela\u00e7\u00e3o ao trimestre anterior [&hellip;]\" \/>\n<meta property=\"og:url\" content=\"https:\/\/www.cidademarketing.com.br\/marketing\/2019\/08\/01\/brasil-tem-128-milhoes-brasileiros-desempregados-a-quantidade-de-trabalhadores-por-conta-propria-bateu-recorde-da-serie-historica\/\" \/>\n<meta property=\"og:site_name\" content=\"CidadeMarketing\" \/>\n<meta property=\"article:publisher\" content=\"https:\/\/www.facebook.com\/portalcidademarketing\" \/>\n<meta property=\"article:author\" content=\"https:\/\/www.facebook.com\/thalesbrandao\" \/>\n<meta property=\"article:published_time\" content=\"2019-08-01T13:13:34+00:00\" \/>\n<meta property=\"article:modified_time\" content=\"2019-08-01T13:13:37+00:00\" \/>\n<meta property=\"og:image\" content=\"https:\/\/www.cidademarketing.com.br\/marketing\/wp-content\/uploads\/2018\/12\/carteiraassinada.jpg\" \/>\n\t<meta property=\"og:image:width\" content=\"900\" \/>\n\t<meta property=\"og:image:height\" content=\"356\" \/>\n\t<meta property=\"og:image:type\" content=\"image\/jpeg\" \/>\n<meta name=\"author\" content=\"Thales Brand\u00e3o\" \/>\n<meta name=\"twitter:card\" content=\"summary_large_image\" \/>\n<meta name=\"twitter:creator\" content=\"@http:\/\/www.twitter.com\/thalesbrandao\" \/>\n<meta name=\"twitter:site\" content=\"@CidadeMarketing\" \/>\n<meta name=\"twitter:label1\" content=\"Escrito por\" \/>\n\t<meta name=\"twitter:data1\" content=\"Thales Brand\u00e3o\" \/>\n\t<meta name=\"twitter:label2\" content=\"Est. tempo de leitura\" \/>\n\t<meta name=\"twitter:data2\" content=\"7 minutos\" \/>\n<script type=\"application\/ld+json\" class=\"yoast-schema-graph\">{\"@context\":\"https:\\\/\\\/schema.org\",\"@graph\":[{\"@type\":\"Article\",\"@id\":\"https:\\\/\\\/www.cidademarketing.com.br\\\/marketing\\\/2019\\\/08\\\/01\\\/brasil-tem-128-milhoes-brasileiros-desempregados-a-quantidade-de-trabalhadores-por-conta-propria-bateu-recorde-da-serie-historica\\\/#article\",\"isPartOf\":{\"@id\":\"https:\\\/\\\/www.cidademarketing.com.br\\\/marketing\\\/2019\\\/08\\\/01\\\/brasil-tem-128-milhoes-brasileiros-desempregados-a-quantidade-de-trabalhadores-por-conta-propria-bateu-recorde-da-serie-historica\\\/\"},\"author\":{\"name\":\"Thales Brand\u00e3o\",\"@id\":\"https:\\\/\\\/www.cidademarketing.com.br\\\/marketing\\\/#\\\/schema\\\/person\\\/02daff9f18bd9378c9e01eb6b2db155f\"},\"headline\":\"Brasil tem 12,8 milh\u00f5es brasileiros desempregados; A quantidade de trabalhadores por conta pr\u00f3pria bateu recorde da s\u00e9rie hist\u00f3rica\",\"datePublished\":\"2019-08-01T13:13:34+00:00\",\"dateModified\":\"2019-08-01T13:13:37+00:00\",\"mainEntityOfPage\":{\"@id\":\"https:\\\/\\\/www.cidademarketing.com.br\\\/marketing\\\/2019\\\/08\\\/01\\\/brasil-tem-128-milhoes-brasileiros-desempregados-a-quantidade-de-trabalhadores-por-conta-propria-bateu-recorde-da-serie-historica\\\/\"},\"wordCount\":1328,\"commentCount\":0,\"publisher\":{\"@id\":\"https:\\\/\\\/www.cidademarketing.com.br\\\/marketing\\\/#organization\"},\"image\":{\"@id\":\"https:\\\/\\\/www.cidademarketing.com.br\\\/marketing\\\/2019\\\/08\\\/01\\\/brasil-tem-128-milhoes-brasileiros-desempregados-a-quantidade-de-trabalhadores-por-conta-propria-bateu-recorde-da-serie-historica\\\/#primaryimage\"},\"thumbnailUrl\":\"https:\\\/\\\/www.cidademarketing.com.br\\\/marketing\\\/wp-content\\\/uploads\\\/2018\\\/12\\\/carteiraassinada.jpg\",\"keywords\":[\"desemprego\",\"empreendedorismo\",\"IBGE\"],\"articleSection\":[\"Not\u00edcias\"],\"inLanguage\":\"pt-BR\",\"potentialAction\":[{\"@type\":\"CommentAction\",\"name\":\"Comment\",\"target\":[\"https:\\\/\\\/www.cidademarketing.com.br\\\/marketing\\\/2019\\\/08\\\/01\\\/brasil-tem-128-milhoes-brasileiros-desempregados-a-quantidade-de-trabalhadores-por-conta-propria-bateu-recorde-da-serie-historica\\\/#respond\"]}]},{\"@type\":\"WebPage\",\"@id\":\"https:\\\/\\\/www.cidademarketing.com.br\\\/marketing\\\/2019\\\/08\\\/01\\\/brasil-tem-128-milhoes-brasileiros-desempregados-a-quantidade-de-trabalhadores-por-conta-propria-bateu-recorde-da-serie-historica\\\/\",\"url\":\"https:\\\/\\\/www.cidademarketing.com.br\\\/marketing\\\/2019\\\/08\\\/01\\\/brasil-tem-128-milhoes-brasileiros-desempregados-a-quantidade-de-trabalhadores-por-conta-propria-bateu-recorde-da-serie-historica\\\/\",\"name\":\"Brasil tem 12,8 milh\u00f5es brasileiros desempregados; A quantidade de trabalhadores por conta pr\u00f3pria bateu recorde da s\u00e9rie hist\u00f3rica - CidadeMarketing\",\"isPartOf\":{\"@id\":\"https:\\\/\\\/www.cidademarketing.com.br\\\/marketing\\\/#website\"},\"primaryImageOfPage\":{\"@id\":\"https:\\\/\\\/www.cidademarketing.com.br\\\/marketing\\\/2019\\\/08\\\/01\\\/brasil-tem-128-milhoes-brasileiros-desempregados-a-quantidade-de-trabalhadores-por-conta-propria-bateu-recorde-da-serie-historica\\\/#primaryimage\"},\"image\":{\"@id\":\"https:\\\/\\\/www.cidademarketing.com.br\\\/marketing\\\/2019\\\/08\\\/01\\\/brasil-tem-128-milhoes-brasileiros-desempregados-a-quantidade-de-trabalhadores-por-conta-propria-bateu-recorde-da-serie-historica\\\/#primaryimage\"},\"thumbnailUrl\":\"https:\\\/\\\/www.cidademarketing.com.br\\\/marketing\\\/wp-content\\\/uploads\\\/2018\\\/12\\\/carteiraassinada.jpg\",\"datePublished\":\"2019-08-01T13:13:34+00:00\",\"dateModified\":\"2019-08-01T13:13:37+00:00\",\"breadcrumb\":{\"@id\":\"https:\\\/\\\/www.cidademarketing.com.br\\\/marketing\\\/2019\\\/08\\\/01\\\/brasil-tem-128-milhoes-brasileiros-desempregados-a-quantidade-de-trabalhadores-por-conta-propria-bateu-recorde-da-serie-historica\\\/#breadcrumb\"},\"inLanguage\":\"pt-BR\",\"potentialAction\":[{\"@type\":\"ReadAction\",\"target\":[\"https:\\\/\\\/www.cidademarketing.com.br\\\/marketing\\\/2019\\\/08\\\/01\\\/brasil-tem-128-milhoes-brasileiros-desempregados-a-quantidade-de-trabalhadores-por-conta-propria-bateu-recorde-da-serie-historica\\\/\"]}]},{\"@type\":\"ImageObject\",\"inLanguage\":\"pt-BR\",\"@id\":\"https:\\\/\\\/www.cidademarketing.com.br\\\/marketing\\\/2019\\\/08\\\/01\\\/brasil-tem-128-milhoes-brasileiros-desempregados-a-quantidade-de-trabalhadores-por-conta-propria-bateu-recorde-da-serie-historica\\\/#primaryimage\",\"url\":\"https:\\\/\\\/www.cidademarketing.com.br\\\/marketing\\\/wp-content\\\/uploads\\\/2018\\\/12\\\/carteiraassinada.jpg\",\"contentUrl\":\"https:\\\/\\\/www.cidademarketing.com.br\\\/marketing\\\/wp-content\\\/uploads\\\/2018\\\/12\\\/carteiraassinada.jpg\",\"width\":900,\"height\":356},{\"@type\":\"BreadcrumbList\",\"@id\":\"https:\\\/\\\/www.cidademarketing.com.br\\\/marketing\\\/2019\\\/08\\\/01\\\/brasil-tem-128-milhoes-brasileiros-desempregados-a-quantidade-de-trabalhadores-por-conta-propria-bateu-recorde-da-serie-historica\\\/#breadcrumb\",\"itemListElement\":[{\"@type\":\"ListItem\",\"position\":1,\"name\":\"In\u00edcio\",\"item\":\"https:\\\/\\\/www.cidademarketing.com.br\\\/marketing\\\/\"},{\"@type\":\"ListItem\",\"position\":2,\"name\":\"Brasil tem 12,8 milh\u00f5es brasileiros desempregados; A quantidade de trabalhadores por conta pr\u00f3pria bateu recorde da s\u00e9rie hist\u00f3rica\"}]},{\"@type\":\"WebSite\",\"@id\":\"https:\\\/\\\/www.cidademarketing.com.br\\\/marketing\\\/#website\",\"url\":\"https:\\\/\\\/www.cidademarketing.com.br\\\/marketing\\\/\",\"name\":\"CidadeMarketing\",\"description\":\"Somos um ve\u00edculo de comunica\u00e7\u00e3o de destaque no Brasil, reconhecido por conte\u00fados nos segmentos de marketing, empreendedorismo e inova\u00e7\u00e3o.\",\"publisher\":{\"@id\":\"https:\\\/\\\/www.cidademarketing.com.br\\\/marketing\\\/#organization\"},\"alternateName\":\"CidadeMarketing\",\"potentialAction\":[{\"@type\":\"SearchAction\",\"target\":{\"@type\":\"EntryPoint\",\"urlTemplate\":\"https:\\\/\\\/www.cidademarketing.com.br\\\/marketing\\\/?s={search_term_string}\"},\"query-input\":{\"@type\":\"PropertyValueSpecification\",\"valueRequired\":true,\"valueName\":\"search_term_string\"}}],\"inLanguage\":\"pt-BR\"},{\"@type\":\"Organization\",\"@id\":\"https:\\\/\\\/www.cidademarketing.com.br\\\/marketing\\\/#organization\",\"name\":\"CidadeMarketing\",\"alternateName\":\"CidadeMarketing\",\"url\":\"https:\\\/\\\/www.cidademarketing.com.br\\\/marketing\\\/\",\"logo\":{\"@type\":\"ImageObject\",\"inLanguage\":\"pt-BR\",\"@id\":\"https:\\\/\\\/www.cidademarketing.com.br\\\/marketing\\\/#\\\/schema\\\/logo\\\/image\\\/\",\"url\":\"https:\\\/\\\/www.cidademarketing.com.br\\\/marketing\\\/wp-content\\\/uploads\\\/2020\\\/01\\\/cidademarketing_marca_mobile.png\",\"contentUrl\":\"https:\\\/\\\/www.cidademarketing.com.br\\\/marketing\\\/wp-content\\\/uploads\\\/2020\\\/01\\\/cidademarketing_marca_mobile.png\",\"width\":230,\"height\":92,\"caption\":\"CidadeMarketing\"},\"image\":{\"@id\":\"https:\\\/\\\/www.cidademarketing.com.br\\\/marketing\\\/#\\\/schema\\\/logo\\\/image\\\/\"},\"sameAs\":[\"https:\\\/\\\/www.facebook.com\\\/portalcidademarketing\",\"https:\\\/\\\/x.com\\\/CidadeMarketing\",\"https:\\\/\\\/www.instagram.com\\\/cidademarketing\\\/\"]},{\"@type\":\"Person\",\"@id\":\"https:\\\/\\\/www.cidademarketing.com.br\\\/marketing\\\/#\\\/schema\\\/person\\\/02daff9f18bd9378c9e01eb6b2db155f\",\"name\":\"Thales Brand\u00e3o\",\"image\":{\"@type\":\"ImageObject\",\"inLanguage\":\"pt-BR\",\"@id\":\"https:\\\/\\\/secure.gravatar.com\\\/avatar\\\/7ca3206950207cc3cb48feec56a8a7898741ab725c368d99d5d7a5a50aab80c6?s=96&d=mm&r=g\",\"url\":\"https:\\\/\\\/secure.gravatar.com\\\/avatar\\\/7ca3206950207cc3cb48feec56a8a7898741ab725c368d99d5d7a5a50aab80c6?s=96&d=mm&r=g\",\"contentUrl\":\"https:\\\/\\\/secure.gravatar.com\\\/avatar\\\/7ca3206950207cc3cb48feec56a8a7898741ab725c368d99d5d7a5a50aab80c6?s=96&d=mm&r=g\",\"caption\":\"Thales Brand\u00e3o\"},\"description\":\"Editor Executivo do Portal CidadeMarketing.com.br &gt; Mestre em Comunica\u00e7\u00e3o e Sociedade pela Universidade Federal de Sergipe. Possui MBA Executivo em Administra\u00e7\u00e3o com \u00eanfase em Marketing pela Funda\u00e7\u00e3o Get\u00falio Vargas - Rio de Janeiro. Consultor, Palestrante e Pesquisador sobre Empreendedorismo, Marketing, Redes Sociais e Neg\u00f3cios Digitais. Professor, Palestrante TedxTalks e Campus Party. Twitter: @ThalesBrandao\",\"sameAs\":[\"http:\\\/\\\/www.mandacaru.com.br\",\"https:\\\/\\\/www.facebook.com\\\/thalesbrandao\",\"http:\\\/\\\/www.instagram.com.br\\\/thalesbrandaoferreira\",\"https:\\\/\\\/www.linkedin.com\\\/in\\\/thales-brand\u00e3o-3948609\\\/\",\"https:\\\/\\\/x.com\\\/http:\\\/\\\/www.twitter.com\\\/thalesbrandao\"],\"url\":\"https:\\\/\\\/www.cidademarketing.com.br\\\/marketing\\\/author\\\/thalesbrandao\\\/\"}]}<\/script>\n<!-- \/ Yoast SEO plugin. -->","yoast_head_json":{"title":"Brasil tem 12,8 milh\u00f5es brasileiros desempregados; A quantidade de trabalhadores por conta pr\u00f3pria bateu recorde da s\u00e9rie hist\u00f3rica - CidadeMarketing","robots":{"index":"index","follow":"follow","max-snippet":"max-snippet:-1","max-image-preview":"max-image-preview:large","max-video-preview":"max-video-preview:-1"},"canonical":"https:\/\/www.cidademarketing.com.br\/marketing\/2019\/08\/01\/brasil-tem-128-milhoes-brasileiros-desempregados-a-quantidade-de-trabalhadores-por-conta-propria-bateu-recorde-da-serie-historica\/","og_locale":"pt_BR","og_type":"article","og_title":"Brasil tem 12,8 milh\u00f5es brasileiros desempregados; A quantidade de trabalhadores por conta pr\u00f3pria bateu recorde da s\u00e9rie hist\u00f3rica - CidadeMarketing","og_description":"A popula\u00e7\u00e3o desocupada (12,8 milh\u00f5es de pessoas) recuou (-4,6%, ou menos 621 mil pessoas em busca de trabalho) frente ao trimestre anterior e ficou estatisticamente est\u00e1vel em rela\u00e7\u00e3o a igual per\u00edodo de 2018. A popula\u00e7\u00e3o ocupada (93,3 milh\u00f5es de pessoas) cresceu em ambas as compara\u00e7\u00f5es: 1,6% (mais 1.479 mil pessoas) em rela\u00e7\u00e3o ao trimestre anterior [&hellip;]","og_url":"https:\/\/www.cidademarketing.com.br\/marketing\/2019\/08\/01\/brasil-tem-128-milhoes-brasileiros-desempregados-a-quantidade-de-trabalhadores-por-conta-propria-bateu-recorde-da-serie-historica\/","og_site_name":"CidadeMarketing","article_publisher":"https:\/\/www.facebook.com\/portalcidademarketing","article_author":"https:\/\/www.facebook.com\/thalesbrandao","article_published_time":"2019-08-01T13:13:34+00:00","article_modified_time":"2019-08-01T13:13:37+00:00","og_image":[{"width":900,"height":356,"url":"https:\/\/www.cidademarketing.com.br\/marketing\/wp-content\/uploads\/2018\/12\/carteiraassinada.jpg","type":"image\/jpeg"}],"author":"Thales Brand\u00e3o","twitter_card":"summary_large_image","twitter_creator":"@http:\/\/www.twitter.com\/thalesbrandao","twitter_site":"@CidadeMarketing","twitter_misc":{"Escrito por":"Thales Brand\u00e3o","Est. tempo de leitura":"7 minutos"},"schema":{"@context":"https:\/\/schema.org","@graph":[{"@type":"Article","@id":"https:\/\/www.cidademarketing.com.br\/marketing\/2019\/08\/01\/brasil-tem-128-milhoes-brasileiros-desempregados-a-quantidade-de-trabalhadores-por-conta-propria-bateu-recorde-da-serie-historica\/#article","isPartOf":{"@id":"https:\/\/www.cidademarketing.com.br\/marketing\/2019\/08\/01\/brasil-tem-128-milhoes-brasileiros-desempregados-a-quantidade-de-trabalhadores-por-conta-propria-bateu-recorde-da-serie-historica\/"},"author":{"name":"Thales Brand\u00e3o","@id":"https:\/\/www.cidademarketing.com.br\/marketing\/#\/schema\/person\/02daff9f18bd9378c9e01eb6b2db155f"},"headline":"Brasil tem 12,8 milh\u00f5es brasileiros desempregados; A quantidade de trabalhadores por conta pr\u00f3pria bateu recorde da s\u00e9rie hist\u00f3rica","datePublished":"2019-08-01T13:13:34+00:00","dateModified":"2019-08-01T13:13:37+00:00","mainEntityOfPage":{"@id":"https:\/\/www.cidademarketing.com.br\/marketing\/2019\/08\/01\/brasil-tem-128-milhoes-brasileiros-desempregados-a-quantidade-de-trabalhadores-por-conta-propria-bateu-recorde-da-serie-historica\/"},"wordCount":1328,"commentCount":0,"publisher":{"@id":"https:\/\/www.cidademarketing.com.br\/marketing\/#organization"},"image":{"@id":"https:\/\/www.cidademarketing.com.br\/marketing\/2019\/08\/01\/brasil-tem-128-milhoes-brasileiros-desempregados-a-quantidade-de-trabalhadores-por-conta-propria-bateu-recorde-da-serie-historica\/#primaryimage"},"thumbnailUrl":"https:\/\/www.cidademarketing.com.br\/marketing\/wp-content\/uploads\/2018\/12\/carteiraassinada.jpg","keywords":["desemprego","empreendedorismo","IBGE"],"articleSection":["Not\u00edcias"],"inLanguage":"pt-BR","potentialAction":[{"@type":"CommentAction","name":"Comment","target":["https:\/\/www.cidademarketing.com.br\/marketing\/2019\/08\/01\/brasil-tem-128-milhoes-brasileiros-desempregados-a-quantidade-de-trabalhadores-por-conta-propria-bateu-recorde-da-serie-historica\/#respond"]}]},{"@type":"WebPage","@id":"https:\/\/www.cidademarketing.com.br\/marketing\/2019\/08\/01\/brasil-tem-128-milhoes-brasileiros-desempregados-a-quantidade-de-trabalhadores-por-conta-propria-bateu-recorde-da-serie-historica\/","url":"https:\/\/www.cidademarketing.com.br\/marketing\/2019\/08\/01\/brasil-tem-128-milhoes-brasileiros-desempregados-a-quantidade-de-trabalhadores-por-conta-propria-bateu-recorde-da-serie-historica\/","name":"Brasil tem 12,8 milh\u00f5es brasileiros desempregados; A quantidade de trabalhadores por conta pr\u00f3pria bateu recorde da s\u00e9rie hist\u00f3rica - CidadeMarketing","isPartOf":{"@id":"https:\/\/www.cidademarketing.com.br\/marketing\/#website"},"primaryImageOfPage":{"@id":"https:\/\/www.cidademarketing.com.br\/marketing\/2019\/08\/01\/brasil-tem-128-milhoes-brasileiros-desempregados-a-quantidade-de-trabalhadores-por-conta-propria-bateu-recorde-da-serie-historica\/#primaryimage"},"image":{"@id":"https:\/\/www.cidademarketing.com.br\/marketing\/2019\/08\/01\/brasil-tem-128-milhoes-brasileiros-desempregados-a-quantidade-de-trabalhadores-por-conta-propria-bateu-recorde-da-serie-historica\/#primaryimage"},"thumbnailUrl":"https:\/\/www.cidademarketing.com.br\/marketing\/wp-content\/uploads\/2018\/12\/carteiraassinada.jpg","datePublished":"2019-08-01T13:13:34+00:00","dateModified":"2019-08-01T13:13:37+00:00","breadcrumb":{"@id":"https:\/\/www.cidademarketing.com.br\/marketing\/2019\/08\/01\/brasil-tem-128-milhoes-brasileiros-desempregados-a-quantidade-de-trabalhadores-por-conta-propria-bateu-recorde-da-serie-historica\/#breadcrumb"},"inLanguage":"pt-BR","potentialAction":[{"@type":"ReadAction","target":["https:\/\/www.cidademarketing.com.br\/marketing\/2019\/08\/01\/brasil-tem-128-milhoes-brasileiros-desempregados-a-quantidade-de-trabalhadores-por-conta-propria-bateu-recorde-da-serie-historica\/"]}]},{"@type":"ImageObject","inLanguage":"pt-BR","@id":"https:\/\/www.cidademarketing.com.br\/marketing\/2019\/08\/01\/brasil-tem-128-milhoes-brasileiros-desempregados-a-quantidade-de-trabalhadores-por-conta-propria-bateu-recorde-da-serie-historica\/#primaryimage","url":"https:\/\/www.cidademarketing.com.br\/marketing\/wp-content\/uploads\/2018\/12\/carteiraassinada.jpg","contentUrl":"https:\/\/www.cidademarketing.com.br\/marketing\/wp-content\/uploads\/2018\/12\/carteiraassinada.jpg","width":900,"height":356},{"@type":"BreadcrumbList","@id":"https:\/\/www.cidademarketing.com.br\/marketing\/2019\/08\/01\/brasil-tem-128-milhoes-brasileiros-desempregados-a-quantidade-de-trabalhadores-por-conta-propria-bateu-recorde-da-serie-historica\/#breadcrumb","itemListElement":[{"@type":"ListItem","position":1,"name":"In\u00edcio","item":"https:\/\/www.cidademarketing.com.br\/marketing\/"},{"@type":"ListItem","position":2,"name":"Brasil tem 12,8 milh\u00f5es brasileiros desempregados; A quantidade de trabalhadores por conta pr\u00f3pria bateu recorde da s\u00e9rie hist\u00f3rica"}]},{"@type":"WebSite","@id":"https:\/\/www.cidademarketing.com.br\/marketing\/#website","url":"https:\/\/www.cidademarketing.com.br\/marketing\/","name":"CidadeMarketing","description":"Somos um ve\u00edculo de comunica\u00e7\u00e3o de destaque no Brasil, reconhecido por conte\u00fados nos segmentos de marketing, empreendedorismo e inova\u00e7\u00e3o.","publisher":{"@id":"https:\/\/www.cidademarketing.com.br\/marketing\/#organization"},"alternateName":"CidadeMarketing","potentialAction":[{"@type":"SearchAction","target":{"@type":"EntryPoint","urlTemplate":"https:\/\/www.cidademarketing.com.br\/marketing\/?s={search_term_string}"},"query-input":{"@type":"PropertyValueSpecification","valueRequired":true,"valueName":"search_term_string"}}],"inLanguage":"pt-BR"},{"@type":"Organization","@id":"https:\/\/www.cidademarketing.com.br\/marketing\/#organization","name":"CidadeMarketing","alternateName":"CidadeMarketing","url":"https:\/\/www.cidademarketing.com.br\/marketing\/","logo":{"@type":"ImageObject","inLanguage":"pt-BR","@id":"https:\/\/www.cidademarketing.com.br\/marketing\/#\/schema\/logo\/image\/","url":"https:\/\/www.cidademarketing.com.br\/marketing\/wp-content\/uploads\/2020\/01\/cidademarketing_marca_mobile.png","contentUrl":"https:\/\/www.cidademarketing.com.br\/marketing\/wp-content\/uploads\/2020\/01\/cidademarketing_marca_mobile.png","width":230,"height":92,"caption":"CidadeMarketing"},"image":{"@id":"https:\/\/www.cidademarketing.com.br\/marketing\/#\/schema\/logo\/image\/"},"sameAs":["https:\/\/www.facebook.com\/portalcidademarketing","https:\/\/x.com\/CidadeMarketing","https:\/\/www.instagram.com\/cidademarketing\/"]},{"@type":"Person","@id":"https:\/\/www.cidademarketing.com.br\/marketing\/#\/schema\/person\/02daff9f18bd9378c9e01eb6b2db155f","name":"Thales Brand\u00e3o","image":{"@type":"ImageObject","inLanguage":"pt-BR","@id":"https:\/\/secure.gravatar.com\/avatar\/7ca3206950207cc3cb48feec56a8a7898741ab725c368d99d5d7a5a50aab80c6?s=96&d=mm&r=g","url":"https:\/\/secure.gravatar.com\/avatar\/7ca3206950207cc3cb48feec56a8a7898741ab725c368d99d5d7a5a50aab80c6?s=96&d=mm&r=g","contentUrl":"https:\/\/secure.gravatar.com\/avatar\/7ca3206950207cc3cb48feec56a8a7898741ab725c368d99d5d7a5a50aab80c6?s=96&d=mm&r=g","caption":"Thales Brand\u00e3o"},"description":"Editor Executivo do Portal CidadeMarketing.com.br &gt; Mestre em Comunica\u00e7\u00e3o e Sociedade pela Universidade Federal de Sergipe. Possui MBA Executivo em Administra\u00e7\u00e3o com \u00eanfase em Marketing pela Funda\u00e7\u00e3o Get\u00falio Vargas - Rio de Janeiro. Consultor, Palestrante e Pesquisador sobre Empreendedorismo, Marketing, Redes Sociais e Neg\u00f3cios Digitais. Professor, Palestrante TedxTalks e Campus Party. Twitter: @ThalesBrandao","sameAs":["http:\/\/www.mandacaru.com.br","https:\/\/www.facebook.com\/thalesbrandao","http:\/\/www.instagram.com.br\/thalesbrandaoferreira","https:\/\/www.linkedin.com\/in\/thales-brand\u00e3o-3948609\/","https:\/\/x.com\/http:\/\/www.twitter.com\/thalesbrandao"],"url":"https:\/\/www.cidademarketing.com.br\/marketing\/author\/thalesbrandao\/"}]}},"amp_enabled":true,"_links":{"self":[{"href":"https:\/\/www.cidademarketing.com.br\/marketing\/wp-json\/wp\/v2\/posts\/10516","targetHints":{"allow":["GET"]}}],"collection":[{"href":"https:\/\/www.cidademarketing.com.br\/marketing\/wp-json\/wp\/v2\/posts"}],"about":[{"href":"https:\/\/www.cidademarketing.com.br\/marketing\/wp-json\/wp\/v2\/types\/post"}],"author":[{"embeddable":true,"href":"https:\/\/www.cidademarketing.com.br\/marketing\/wp-json\/wp\/v2\/users\/1"}],"replies":[{"embeddable":true,"href":"https:\/\/www.cidademarketing.com.br\/marketing\/wp-json\/wp\/v2\/comments?post=10516"}],"version-history":[{"count":1,"href":"https:\/\/www.cidademarketing.com.br\/marketing\/wp-json\/wp\/v2\/posts\/10516\/revisions"}],"predecessor-version":[{"id":10517,"href":"https:\/\/www.cidademarketing.com.br\/marketing\/wp-json\/wp\/v2\/posts\/10516\/revisions\/10517"}],"wp:featuredmedia":[{"embeddable":true,"href":"https:\/\/www.cidademarketing.com.br\/marketing\/wp-json\/wp\/v2\/media\/4512"}],"wp:attachment":[{"href":"https:\/\/www.cidademarketing.com.br\/marketing\/wp-json\/wp\/v2\/media?parent=10516"}],"wp:term":[{"taxonomy":"category","embeddable":true,"href":"https:\/\/www.cidademarketing.com.br\/marketing\/wp-json\/wp\/v2\/categories?post=10516"},{"taxonomy":"post_tag","embeddable":true,"href":"https:\/\/www.cidademarketing.com.br\/marketing\/wp-json\/wp\/v2\/tags?post=10516"}],"curies":[{"name":"wp","href":"https:\/\/api.w.org\/{rel}","templated":true}]}}