{"id":10450,"date":"2019-07-30T19:35:31","date_gmt":"2019-07-30T15:35:31","guid":{"rendered":"https:\/\/www.cidademarketing.com.br\/marketing\/?p=10450"},"modified":"2019-07-30T19:44:26","modified_gmt":"2019-07-30T15:44:26","slug":"oi-lanca-nova-campanha-de-telefonia-movel-com-conceito-ultragigue-se","status":"publish","type":"post","link":"https:\/\/www.cidademarketing.com.br\/marketing\/2019\/07\/30\/oi-lanca-nova-campanha-de-telefonia-movel-com-conceito-ultragigue-se\/","title":{"rendered":"Oi lan\u00e7a nova campanha de telefonia m\u00f3vel com conceito \u201cUltraGigue-se\u201d"},"content":{"rendered":"\n<p>A Oi\napresenta nova campanha publicit\u00e1ria que conta com a participa\u00e7\u00e3o de seu garoto\npropaganda no segmento, o ator e apresentador Marcos Mion, e diversos clientes\nda operadora. As pe\u00e7as refor\u00e7am com&nbsp; bom humor o conceito lan\u00e7ado na\ncampanha de Dia das M\u00e3es \u201cUltragigue-se\u201d da oferta de telefonia m\u00f3vel com 50 GB\nde internet para usar como quiser, al\u00e9m de Netflix, YouTube, Facebook,\nMessenger, WhatsApp e Instagram sem gastar da franquia e minutos de voz\nilimitados para todo Brasil, por R$ 99,90 por m\u00eas. A campanha ser\u00e1 veiculada em\ntodas as regi\u00f5es do Brasil na TV Aberta e Fechada, M\u00eddia Exterior, R\u00e1dio e no\nDigital. <\/p>\n\n\n\n<p>O filme\nCama El\u00e1stica, destaque entre as pe\u00e7as da campanha produzida pela NBS, come\u00e7a\ncom um plano a\u00e9reo que mostra um gramado vazio. \u00cdcones de aplicativos de\ncelulares entram em cena, na mesma forma\u00e7\u00e3o de tela de celular. De perto, d\u00e1\npara ver que os \u00edcones de aplicativos s\u00e3o camas el\u00e1sticas. Centenas de pessoas\naparecem correndo e come\u00e7am a pular nas camas el\u00e1sticas. Marcos Mion caminha\nentre as camas e fala para a c\u00e2mera: <strong>Tem muita gente aproveitando 50 Giga de\nverdade e apps que n\u00e3o gastam internet. <\/strong>Aparecem mais pessoas pulando e se\ndivertindo muito. Mion questiona: <strong>Faz sentido, n\u00e9? \u00c9 internet que n\u00e3o acaba\nmais&#8230; <\/strong>Aparece Mion, no ar, se divertindo durante um salto. O ator\nacrescenta: <strong>S\u00f3 na Oi s\u00e3o<\/strong> <strong>50 Giga e apps que n\u00e3o gastam internet, por\n99,90, por m\u00eas. Fa\u00e7a como milh\u00f5es de clientes: Ultragigue-se. Traga seu n\u00famero\npra Oi. <\/strong>O filme tem o encerramento caracter\u00edstico das campanhas da\noperadora: um crian\u00e7a dizendo: <strong>Oi<\/strong>.<\/p>\n\n\n\n<p><em>\u201cA Oi vem\napostando no conceito do \u201cUltraGigue-se\u201d para traduzir a sensa\u00e7\u00e3o do cliente\nque pode se divertir com a internet m\u00f3vel sem se preocupar com sua franquia de\ndados. Al\u00e9m disso nessa campanha estamos trazendo clientes reais para refor\u00e7ar\nesse conceito\u201d,<\/em> afirma Alessandra Issa, diretora de Comunica\u00e7\u00e3o de Marketing da\nOi. <\/p>\n\n\n\n<p><strong>A oferta <\/strong><\/p>\n\n\n\n<p>A Oi\noferece os planos p\u00f3s-pago e controle com 50 GB de internet para usar como\nquiser, apps dos servi\u00e7os Netflix, YouTube, Facebook, Messenger, WhatsApp e\nInstagram sem gastar da franquia e minutos de voz ilimitados para todo Brasil,\npor R$ 99,90, por m\u00eas. O cliente p\u00f3s ainda pode incluir at\u00e9 4 dependentes por\nR$30 mensais cada e compartilhar com eles os minutos de voz ilimitados e sua\nfranquia de internet. Al\u00e9m disso, atrav\u00e9s do Oi Play, o cliente do p\u00f3s tamb\u00e9m\ntem acesso a conte\u00fados de diversos canais de TV a qualquer hora e em qualquer\nlugar, por meio de dispositivo conectado \u00e0 internet. <\/p>\n\n\n\n<p><strong>Participa\u00e7\u00e3o\nespecial de filhos de funcion\u00e1rios da Oi<\/strong><\/p>\n\n\n\n<p>O filme faz parte de uma s\u00e9rie de comerciais da Oi que conta com a participa\u00e7\u00e3o especial de filhos de funcion\u00e1rios no encerramento. A iniciativa \u00e9 fruto de uma campanha de comunica\u00e7\u00e3o interna que promoveu um concurso cultural entre os funcion\u00e1rios e os vencedores tiveram seus filhos convidados a participar das grava\u00e7\u00f5es dos comerciais. Ao total, 17 crian\u00e7as de 2 a 3,5 anos entraram para o <em>casting<\/em> da Oi. <\/p>\n\n\n\n<figure class=\"wp-block-embed-youtube wp-block-embed is-type-video is-provider-youtube wp-embed-aspect-16-9 wp-has-aspect-ratio\"><div class=\"wp-block-embed__wrapper\">\n<div class=\"youtube-embed\" data-video_id=\"1JhFKCStwk8\"><iframe title=\"Ultragigue-se\" width=\"640\" height=\"360\" src=\"https:\/\/www.youtube.com\/embed\/1JhFKCStwk8?feature=oembed&#038;enablejsapi=1&#038;enablejsapi=1\" frameborder=\"0\" allow=\"accelerometer; autoplay; clipboard-write; encrypted-media; gyroscope; picture-in-picture; web-share\" referrerpolicy=\"strict-origin-when-cross-origin\" allowfullscreen><\/iframe><\/div>\n<\/div><\/figure>\n\n\n\n<p><\/p>\n\n\n\n<p><strong>Ficha T\u00e9cnica<\/strong><strong>:<\/strong><strong><\/strong><\/p>\n\n\n\n<p><strong>T\u00edtulo:\n<\/strong>Mobilidade<\/p>\n\n\n\n<p><strong>Anunciante:\n<\/strong>Oi<\/p>\n\n\n\n<p><strong>Ag\u00eancia:\n<\/strong>NBS<\/p>\n\n\n\n<p><strong>CEO\/CCO:\n<\/strong>Andr\u00e9 Lima<\/p>\n\n\n\n<p><strong>VP de\nCria\u00e7\u00e3o: <\/strong>Carlos Andr\u00e9 Eyer<\/p>\n\n\n\n<p><strong>Diretor\nde Cria\u00e7\u00e3o: <\/strong>Arthur Pires<\/p>\n\n\n\n<p><strong>Cria\u00e7\u00e3o: <\/strong>Arthur Pires, Fred Moreira, Jo\u00e3o Stille e Maria Renha.<\/p>\n\n\n\n<p><strong>RTVC: <\/strong>Andrea\nMetzker <\/p>\n\n\n\n<p><strong>COO: <\/strong>Tatiana\nSoter<\/p>\n\n\n\n<p><strong>Diretora\nde Atendimento: <\/strong>Paula Fernandes<\/p>\n\n\n\n<p><strong>Atendimento:\n<\/strong>Paula Fernandes, Fernanda Maia, Fernanda Cunha e La\u00edze Azevedo.<\/p>\n\n\n\n<p><strong>VP de Planejamento: <\/strong>Murilo Lico<\/p>\n\n\n\n<p><strong>Planejamento: <\/strong>Lorena Castellan, B\u00e1rbara Bufrem, Caroline\nLessa e Julia Barreto.<\/p>\n\n\n\n<p><strong>Business Intelligence: <\/strong><\/p>\n\n\n\n<p><strong>M\u00eddia: <\/strong>Luisa Bernardes, Raphael Cunha, Maria Rivas, Camila Costa e\nClarissa Mentz.<\/p>\n\n\n\n<p><strong>Produtora Filme: <\/strong>Vetor Zero<\/p>\n\n\n\n<p><strong>Atendimento Produtora: <\/strong>Fernanda Germek e Marcia Guimar\u00e3es<\/p>\n\n\n\n<p><strong>Diretor do Filme: <\/strong>Ricardo Carelli<\/p>\n\n\n\n<p><strong>Diretor de Fotografia: <\/strong>Daniel Belinky<\/p>\n\n\n\n<p><strong>Montagem:<\/strong> Beto Araujo e Kaue Kabrera<\/p>\n\n\n\n<p><strong>P\u00f3s Produ\u00e7\u00e3o\/Finaliza\u00e7\u00e3o: <\/strong>Equipe Vetor Zero<\/p>\n\n\n\n<p><strong>Produ\u00e7\u00e3o Executiva: <\/strong>Sergio Salles, Alberto Lopes e Francisco\nPuech<\/p>\n\n\n\n<p><strong>Produtora de Som:<\/strong>&nbsp;Mugshot<\/p>\n\n\n\n<p><strong>Produ\u00e7\u00e3o Musical: <\/strong>Arthur Abrami, Bruno Zibordi e Mauricio\nHerszkowicz<\/p>\n\n\n\n<p><strong>Mixagem:&nbsp;<\/strong>Gustavo Boselli<\/p>\n\n\n\n<p><strong>Produ\u00e7\u00e3o Executiva de Som: <\/strong>Gilvana Viana&nbsp;<\/p>\n\n\n\n<p><strong>Produ\u00e7\u00e3o\nGr\u00e1fica: <\/strong>Jo\u00e3o Eudes, Marcelo Andrade e Rog\u00e9rio Siqueira.<\/p>\n\n\n\n<p><strong>Artbuyer:<\/strong> Marcia\nSantos<\/p>\n\n\n\n<p><strong>Imagem: <\/strong>Bruno Cals (Fot\u00f3grafo) \/ Estudio Icone (3D e tratamento).<\/p>\n\n\n\n<p><strong>Aprova\u00e7\u00e3o Cliente:<\/strong> Alessandra Issa,\nMariana Ayres e Julia Allevato.<\/p>\n","protected":false},"excerpt":{"rendered":"<p>A Oi apresenta nova campanha publicit\u00e1ria que conta com a participa\u00e7\u00e3o de seu garoto propaganda no segmento, o ator e apresentador Marcos Mion, e diversos clientes da operadora. As pe\u00e7as refor\u00e7am com&nbsp; bom humor o conceito lan\u00e7ado na campanha de Dia das M\u00e3es \u201cUltragigue-se\u201d da oferta de telefonia m\u00f3vel com 50 GB de internet para [&hellip;]<\/p>\n","protected":false},"author":1,"featured_media":10451,"comment_status":"open","ping_status":"open","sticky":false,"template":"","format":"standard","meta":{"tdm_status":"","tdm_grid_status":"","footnotes":""},"categories":[14],"tags":[65,28,445],"class_list":["post-10450","post","type-post","status-publish","format-standard","has-post-thumbnail","hentry","category-videos","tag-campanha","tag-marketing","tag-oi"],"yoast_head":"<!-- This site is optimized with the Yoast SEO plugin v27.5 - https:\/\/yoast.com\/product\/yoast-seo-wordpress\/ -->\n<title>Oi lan\u00e7a nova campanha de telefonia m\u00f3vel com conceito \u201cUltraGigue-se\u201d - CidadeMarketing<\/title>\n<meta name=\"robots\" content=\"index, follow, max-snippet:-1, max-image-preview:large, max-video-preview:-1\" \/>\n<link rel=\"canonical\" href=\"https:\/\/www.cidademarketing.com.br\/marketing\/2019\/07\/30\/oi-lanca-nova-campanha-de-telefonia-movel-com-conceito-ultragigue-se\/\" \/>\n<meta property=\"og:locale\" content=\"pt_BR\" \/>\n<meta property=\"og:type\" content=\"article\" \/>\n<meta property=\"og:title\" content=\"Oi lan\u00e7a nova campanha de telefonia m\u00f3vel com conceito \u201cUltraGigue-se\u201d - CidadeMarketing\" \/>\n<meta property=\"og:description\" content=\"A Oi apresenta nova campanha publicit\u00e1ria que conta com a participa\u00e7\u00e3o de seu garoto propaganda no segmento, o ator e apresentador Marcos Mion, e diversos clientes da operadora. As pe\u00e7as refor\u00e7am com&nbsp; bom humor o conceito lan\u00e7ado na campanha de Dia das M\u00e3es \u201cUltragigue-se\u201d da oferta de telefonia m\u00f3vel com 50 GB de internet para [&hellip;]\" \/>\n<meta property=\"og:url\" content=\"https:\/\/www.cidademarketing.com.br\/marketing\/2019\/07\/30\/oi-lanca-nova-campanha-de-telefonia-movel-com-conceito-ultragigue-se\/\" \/>\n<meta property=\"og:site_name\" content=\"CidadeMarketing\" \/>\n<meta property=\"article:publisher\" content=\"https:\/\/www.facebook.com\/portalcidademarketing\" \/>\n<meta property=\"article:author\" content=\"https:\/\/www.facebook.com\/thalesbrandao\" \/>\n<meta property=\"article:published_time\" content=\"2019-07-30T15:35:31+00:00\" \/>\n<meta property=\"article:modified_time\" content=\"2019-07-30T15:44:26+00:00\" \/>\n<meta property=\"og:image\" content=\"https:\/\/www.cidademarketing.com.br\/marketing\/wp-content\/uploads\/2019\/07\/oicampanha_marketing.jpg\" \/>\n\t<meta property=\"og:image:width\" content=\"1920\" \/>\n\t<meta property=\"og:image:height\" content=\"1080\" \/>\n\t<meta property=\"og:image:type\" content=\"image\/jpeg\" \/>\n<meta name=\"author\" content=\"Thales Brand\u00e3o\" \/>\n<meta name=\"twitter:card\" content=\"summary_large_image\" \/>\n<meta name=\"twitter:creator\" content=\"@http:\/\/www.twitter.com\/thalesbrandao\" \/>\n<meta name=\"twitter:site\" content=\"@CidadeMarketing\" \/>\n<meta name=\"twitter:label1\" content=\"Escrito por\" \/>\n\t<meta name=\"twitter:data1\" content=\"Thales Brand\u00e3o\" \/>\n\t<meta name=\"twitter:label2\" content=\"Est. tempo de leitura\" \/>\n\t<meta name=\"twitter:data2\" content=\"4 minutos\" \/>\n<script type=\"application\/ld+json\" class=\"yoast-schema-graph\">{\"@context\":\"https:\\\/\\\/schema.org\",\"@graph\":[{\"@type\":\"Article\",\"@id\":\"https:\\\/\\\/www.cidademarketing.com.br\\\/marketing\\\/2019\\\/07\\\/30\\\/oi-lanca-nova-campanha-de-telefonia-movel-com-conceito-ultragigue-se\\\/#article\",\"isPartOf\":{\"@id\":\"https:\\\/\\\/www.cidademarketing.com.br\\\/marketing\\\/2019\\\/07\\\/30\\\/oi-lanca-nova-campanha-de-telefonia-movel-com-conceito-ultragigue-se\\\/\"},\"author\":{\"name\":\"Thales Brand\u00e3o\",\"@id\":\"https:\\\/\\\/www.cidademarketing.com.br\\\/marketing\\\/#\\\/schema\\\/person\\\/02daff9f18bd9378c9e01eb6b2db155f\"},\"headline\":\"Oi lan\u00e7a nova campanha de telefonia m\u00f3vel com conceito \u201cUltraGigue-se\u201d\",\"datePublished\":\"2019-07-30T15:35:31+00:00\",\"dateModified\":\"2019-07-30T15:44:26+00:00\",\"mainEntityOfPage\":{\"@id\":\"https:\\\/\\\/www.cidademarketing.com.br\\\/marketing\\\/2019\\\/07\\\/30\\\/oi-lanca-nova-campanha-de-telefonia-movel-com-conceito-ultragigue-se\\\/\"},\"wordCount\":765,\"commentCount\":0,\"publisher\":{\"@id\":\"https:\\\/\\\/www.cidademarketing.com.br\\\/marketing\\\/#organization\"},\"image\":{\"@id\":\"https:\\\/\\\/www.cidademarketing.com.br\\\/marketing\\\/2019\\\/07\\\/30\\\/oi-lanca-nova-campanha-de-telefonia-movel-com-conceito-ultragigue-se\\\/#primaryimage\"},\"thumbnailUrl\":\"https:\\\/\\\/www.cidademarketing.com.br\\\/marketing\\\/wp-content\\\/uploads\\\/2019\\\/07\\\/oicampanha_marketing.jpg\",\"keywords\":[\"campanha\",\"marketing\",\"Oi\"],\"articleSection\":[\"Videos\"],\"inLanguage\":\"pt-BR\",\"potentialAction\":[{\"@type\":\"CommentAction\",\"name\":\"Comment\",\"target\":[\"https:\\\/\\\/www.cidademarketing.com.br\\\/marketing\\\/2019\\\/07\\\/30\\\/oi-lanca-nova-campanha-de-telefonia-movel-com-conceito-ultragigue-se\\\/#respond\"]}]},{\"@type\":\"WebPage\",\"@id\":\"https:\\\/\\\/www.cidademarketing.com.br\\\/marketing\\\/2019\\\/07\\\/30\\\/oi-lanca-nova-campanha-de-telefonia-movel-com-conceito-ultragigue-se\\\/\",\"url\":\"https:\\\/\\\/www.cidademarketing.com.br\\\/marketing\\\/2019\\\/07\\\/30\\\/oi-lanca-nova-campanha-de-telefonia-movel-com-conceito-ultragigue-se\\\/\",\"name\":\"Oi lan\u00e7a nova campanha de telefonia m\u00f3vel com conceito \u201cUltraGigue-se\u201d - CidadeMarketing\",\"isPartOf\":{\"@id\":\"https:\\\/\\\/www.cidademarketing.com.br\\\/marketing\\\/#website\"},\"primaryImageOfPage\":{\"@id\":\"https:\\\/\\\/www.cidademarketing.com.br\\\/marketing\\\/2019\\\/07\\\/30\\\/oi-lanca-nova-campanha-de-telefonia-movel-com-conceito-ultragigue-se\\\/#primaryimage\"},\"image\":{\"@id\":\"https:\\\/\\\/www.cidademarketing.com.br\\\/marketing\\\/2019\\\/07\\\/30\\\/oi-lanca-nova-campanha-de-telefonia-movel-com-conceito-ultragigue-se\\\/#primaryimage\"},\"thumbnailUrl\":\"https:\\\/\\\/www.cidademarketing.com.br\\\/marketing\\\/wp-content\\\/uploads\\\/2019\\\/07\\\/oicampanha_marketing.jpg\",\"datePublished\":\"2019-07-30T15:35:31+00:00\",\"dateModified\":\"2019-07-30T15:44:26+00:00\",\"breadcrumb\":{\"@id\":\"https:\\\/\\\/www.cidademarketing.com.br\\\/marketing\\\/2019\\\/07\\\/30\\\/oi-lanca-nova-campanha-de-telefonia-movel-com-conceito-ultragigue-se\\\/#breadcrumb\"},\"inLanguage\":\"pt-BR\",\"potentialAction\":[{\"@type\":\"ReadAction\",\"target\":[\"https:\\\/\\\/www.cidademarketing.com.br\\\/marketing\\\/2019\\\/07\\\/30\\\/oi-lanca-nova-campanha-de-telefonia-movel-com-conceito-ultragigue-se\\\/\"]}]},{\"@type\":\"ImageObject\",\"inLanguage\":\"pt-BR\",\"@id\":\"https:\\\/\\\/www.cidademarketing.com.br\\\/marketing\\\/2019\\\/07\\\/30\\\/oi-lanca-nova-campanha-de-telefonia-movel-com-conceito-ultragigue-se\\\/#primaryimage\",\"url\":\"https:\\\/\\\/www.cidademarketing.com.br\\\/marketing\\\/wp-content\\\/uploads\\\/2019\\\/07\\\/oicampanha_marketing.jpg\",\"contentUrl\":\"https:\\\/\\\/www.cidademarketing.com.br\\\/marketing\\\/wp-content\\\/uploads\\\/2019\\\/07\\\/oicampanha_marketing.jpg\",\"width\":1920,\"height\":1080,\"caption\":\"Reprodu\u00e7\u00e3o\"},{\"@type\":\"BreadcrumbList\",\"@id\":\"https:\\\/\\\/www.cidademarketing.com.br\\\/marketing\\\/2019\\\/07\\\/30\\\/oi-lanca-nova-campanha-de-telefonia-movel-com-conceito-ultragigue-se\\\/#breadcrumb\",\"itemListElement\":[{\"@type\":\"ListItem\",\"position\":1,\"name\":\"In\u00edcio\",\"item\":\"https:\\\/\\\/www.cidademarketing.com.br\\\/marketing\\\/\"},{\"@type\":\"ListItem\",\"position\":2,\"name\":\"Oi lan\u00e7a nova campanha de telefonia m\u00f3vel com conceito \u201cUltraGigue-se\u201d\"}]},{\"@type\":\"WebSite\",\"@id\":\"https:\\\/\\\/www.cidademarketing.com.br\\\/marketing\\\/#website\",\"url\":\"https:\\\/\\\/www.cidademarketing.com.br\\\/marketing\\\/\",\"name\":\"CidadeMarketing\",\"description\":\"Somos um ve\u00edculo de comunica\u00e7\u00e3o de destaque no Brasil, reconhecido por conte\u00fados nos segmentos de marketing, empreendedorismo e inova\u00e7\u00e3o.\",\"publisher\":{\"@id\":\"https:\\\/\\\/www.cidademarketing.com.br\\\/marketing\\\/#organization\"},\"alternateName\":\"CidadeMarketing\",\"potentialAction\":[{\"@type\":\"SearchAction\",\"target\":{\"@type\":\"EntryPoint\",\"urlTemplate\":\"https:\\\/\\\/www.cidademarketing.com.br\\\/marketing\\\/?s={search_term_string}\"},\"query-input\":{\"@type\":\"PropertyValueSpecification\",\"valueRequired\":true,\"valueName\":\"search_term_string\"}}],\"inLanguage\":\"pt-BR\"},{\"@type\":\"Organization\",\"@id\":\"https:\\\/\\\/www.cidademarketing.com.br\\\/marketing\\\/#organization\",\"name\":\"CidadeMarketing\",\"alternateName\":\"CidadeMarketing\",\"url\":\"https:\\\/\\\/www.cidademarketing.com.br\\\/marketing\\\/\",\"logo\":{\"@type\":\"ImageObject\",\"inLanguage\":\"pt-BR\",\"@id\":\"https:\\\/\\\/www.cidademarketing.com.br\\\/marketing\\\/#\\\/schema\\\/logo\\\/image\\\/\",\"url\":\"https:\\\/\\\/www.cidademarketing.com.br\\\/marketing\\\/wp-content\\\/uploads\\\/2020\\\/01\\\/cidademarketing_marca_mobile.png\",\"contentUrl\":\"https:\\\/\\\/www.cidademarketing.com.br\\\/marketing\\\/wp-content\\\/uploads\\\/2020\\\/01\\\/cidademarketing_marca_mobile.png\",\"width\":230,\"height\":92,\"caption\":\"CidadeMarketing\"},\"image\":{\"@id\":\"https:\\\/\\\/www.cidademarketing.com.br\\\/marketing\\\/#\\\/schema\\\/logo\\\/image\\\/\"},\"sameAs\":[\"https:\\\/\\\/www.facebook.com\\\/portalcidademarketing\",\"https:\\\/\\\/x.com\\\/CidadeMarketing\",\"https:\\\/\\\/www.instagram.com\\\/cidademarketing\\\/\"]},{\"@type\":\"Person\",\"@id\":\"https:\\\/\\\/www.cidademarketing.com.br\\\/marketing\\\/#\\\/schema\\\/person\\\/02daff9f18bd9378c9e01eb6b2db155f\",\"name\":\"Thales Brand\u00e3o\",\"image\":{\"@type\":\"ImageObject\",\"inLanguage\":\"pt-BR\",\"@id\":\"https:\\\/\\\/secure.gravatar.com\\\/avatar\\\/7ca3206950207cc3cb48feec56a8a7898741ab725c368d99d5d7a5a50aab80c6?s=96&d=mm&r=g\",\"url\":\"https:\\\/\\\/secure.gravatar.com\\\/avatar\\\/7ca3206950207cc3cb48feec56a8a7898741ab725c368d99d5d7a5a50aab80c6?s=96&d=mm&r=g\",\"contentUrl\":\"https:\\\/\\\/secure.gravatar.com\\\/avatar\\\/7ca3206950207cc3cb48feec56a8a7898741ab725c368d99d5d7a5a50aab80c6?s=96&d=mm&r=g\",\"caption\":\"Thales Brand\u00e3o\"},\"description\":\"Editor Executivo do Portal CidadeMarketing.com.br &gt; Mestre em Comunica\u00e7\u00e3o e Sociedade pela Universidade Federal de Sergipe. Possui MBA Executivo em Administra\u00e7\u00e3o com \u00eanfase em Marketing pela Funda\u00e7\u00e3o Get\u00falio Vargas - Rio de Janeiro. Consultor, Palestrante e Pesquisador sobre Empreendedorismo, Marketing, Redes Sociais e Neg\u00f3cios Digitais. Professor, Palestrante TedxTalks e Campus Party. Twitter: @ThalesBrandao\",\"sameAs\":[\"http:\\\/\\\/www.mandacaru.com.br\",\"https:\\\/\\\/www.facebook.com\\\/thalesbrandao\",\"http:\\\/\\\/www.instagram.com.br\\\/thalesbrandaoferreira\",\"https:\\\/\\\/www.linkedin.com\\\/in\\\/thales-brand\u00e3o-3948609\\\/\",\"https:\\\/\\\/x.com\\\/http:\\\/\\\/www.twitter.com\\\/thalesbrandao\"],\"url\":\"https:\\\/\\\/www.cidademarketing.com.br\\\/marketing\\\/author\\\/thalesbrandao\\\/\"}]}<\/script>\n<!-- \/ Yoast SEO plugin. -->","yoast_head_json":{"title":"Oi lan\u00e7a nova campanha de telefonia m\u00f3vel com conceito \u201cUltraGigue-se\u201d - CidadeMarketing","robots":{"index":"index","follow":"follow","max-snippet":"max-snippet:-1","max-image-preview":"max-image-preview:large","max-video-preview":"max-video-preview:-1"},"canonical":"https:\/\/www.cidademarketing.com.br\/marketing\/2019\/07\/30\/oi-lanca-nova-campanha-de-telefonia-movel-com-conceito-ultragigue-se\/","og_locale":"pt_BR","og_type":"article","og_title":"Oi lan\u00e7a nova campanha de telefonia m\u00f3vel com conceito \u201cUltraGigue-se\u201d - CidadeMarketing","og_description":"A Oi apresenta nova campanha publicit\u00e1ria que conta com a participa\u00e7\u00e3o de seu garoto propaganda no segmento, o ator e apresentador Marcos Mion, e diversos clientes da operadora. As pe\u00e7as refor\u00e7am com&nbsp; bom humor o conceito lan\u00e7ado na campanha de Dia das M\u00e3es \u201cUltragigue-se\u201d da oferta de telefonia m\u00f3vel com 50 GB de internet para [&hellip;]","og_url":"https:\/\/www.cidademarketing.com.br\/marketing\/2019\/07\/30\/oi-lanca-nova-campanha-de-telefonia-movel-com-conceito-ultragigue-se\/","og_site_name":"CidadeMarketing","article_publisher":"https:\/\/www.facebook.com\/portalcidademarketing","article_author":"https:\/\/www.facebook.com\/thalesbrandao","article_published_time":"2019-07-30T15:35:31+00:00","article_modified_time":"2019-07-30T15:44:26+00:00","og_image":[{"width":1920,"height":1080,"url":"https:\/\/www.cidademarketing.com.br\/marketing\/wp-content\/uploads\/2019\/07\/oicampanha_marketing.jpg","type":"image\/jpeg"}],"author":"Thales Brand\u00e3o","twitter_card":"summary_large_image","twitter_creator":"@http:\/\/www.twitter.com\/thalesbrandao","twitter_site":"@CidadeMarketing","twitter_misc":{"Escrito por":"Thales Brand\u00e3o","Est. tempo de leitura":"4 minutos"},"schema":{"@context":"https:\/\/schema.org","@graph":[{"@type":"Article","@id":"https:\/\/www.cidademarketing.com.br\/marketing\/2019\/07\/30\/oi-lanca-nova-campanha-de-telefonia-movel-com-conceito-ultragigue-se\/#article","isPartOf":{"@id":"https:\/\/www.cidademarketing.com.br\/marketing\/2019\/07\/30\/oi-lanca-nova-campanha-de-telefonia-movel-com-conceito-ultragigue-se\/"},"author":{"name":"Thales Brand\u00e3o","@id":"https:\/\/www.cidademarketing.com.br\/marketing\/#\/schema\/person\/02daff9f18bd9378c9e01eb6b2db155f"},"headline":"Oi lan\u00e7a nova campanha de telefonia m\u00f3vel com conceito \u201cUltraGigue-se\u201d","datePublished":"2019-07-30T15:35:31+00:00","dateModified":"2019-07-30T15:44:26+00:00","mainEntityOfPage":{"@id":"https:\/\/www.cidademarketing.com.br\/marketing\/2019\/07\/30\/oi-lanca-nova-campanha-de-telefonia-movel-com-conceito-ultragigue-se\/"},"wordCount":765,"commentCount":0,"publisher":{"@id":"https:\/\/www.cidademarketing.com.br\/marketing\/#organization"},"image":{"@id":"https:\/\/www.cidademarketing.com.br\/marketing\/2019\/07\/30\/oi-lanca-nova-campanha-de-telefonia-movel-com-conceito-ultragigue-se\/#primaryimage"},"thumbnailUrl":"https:\/\/www.cidademarketing.com.br\/marketing\/wp-content\/uploads\/2019\/07\/oicampanha_marketing.jpg","keywords":["campanha","marketing","Oi"],"articleSection":["Videos"],"inLanguage":"pt-BR","potentialAction":[{"@type":"CommentAction","name":"Comment","target":["https:\/\/www.cidademarketing.com.br\/marketing\/2019\/07\/30\/oi-lanca-nova-campanha-de-telefonia-movel-com-conceito-ultragigue-se\/#respond"]}]},{"@type":"WebPage","@id":"https:\/\/www.cidademarketing.com.br\/marketing\/2019\/07\/30\/oi-lanca-nova-campanha-de-telefonia-movel-com-conceito-ultragigue-se\/","url":"https:\/\/www.cidademarketing.com.br\/marketing\/2019\/07\/30\/oi-lanca-nova-campanha-de-telefonia-movel-com-conceito-ultragigue-se\/","name":"Oi lan\u00e7a nova campanha de telefonia m\u00f3vel com conceito \u201cUltraGigue-se\u201d - CidadeMarketing","isPartOf":{"@id":"https:\/\/www.cidademarketing.com.br\/marketing\/#website"},"primaryImageOfPage":{"@id":"https:\/\/www.cidademarketing.com.br\/marketing\/2019\/07\/30\/oi-lanca-nova-campanha-de-telefonia-movel-com-conceito-ultragigue-se\/#primaryimage"},"image":{"@id":"https:\/\/www.cidademarketing.com.br\/marketing\/2019\/07\/30\/oi-lanca-nova-campanha-de-telefonia-movel-com-conceito-ultragigue-se\/#primaryimage"},"thumbnailUrl":"https:\/\/www.cidademarketing.com.br\/marketing\/wp-content\/uploads\/2019\/07\/oicampanha_marketing.jpg","datePublished":"2019-07-30T15:35:31+00:00","dateModified":"2019-07-30T15:44:26+00:00","breadcrumb":{"@id":"https:\/\/www.cidademarketing.com.br\/marketing\/2019\/07\/30\/oi-lanca-nova-campanha-de-telefonia-movel-com-conceito-ultragigue-se\/#breadcrumb"},"inLanguage":"pt-BR","potentialAction":[{"@type":"ReadAction","target":["https:\/\/www.cidademarketing.com.br\/marketing\/2019\/07\/30\/oi-lanca-nova-campanha-de-telefonia-movel-com-conceito-ultragigue-se\/"]}]},{"@type":"ImageObject","inLanguage":"pt-BR","@id":"https:\/\/www.cidademarketing.com.br\/marketing\/2019\/07\/30\/oi-lanca-nova-campanha-de-telefonia-movel-com-conceito-ultragigue-se\/#primaryimage","url":"https:\/\/www.cidademarketing.com.br\/marketing\/wp-content\/uploads\/2019\/07\/oicampanha_marketing.jpg","contentUrl":"https:\/\/www.cidademarketing.com.br\/marketing\/wp-content\/uploads\/2019\/07\/oicampanha_marketing.jpg","width":1920,"height":1080,"caption":"Reprodu\u00e7\u00e3o"},{"@type":"BreadcrumbList","@id":"https:\/\/www.cidademarketing.com.br\/marketing\/2019\/07\/30\/oi-lanca-nova-campanha-de-telefonia-movel-com-conceito-ultragigue-se\/#breadcrumb","itemListElement":[{"@type":"ListItem","position":1,"name":"In\u00edcio","item":"https:\/\/www.cidademarketing.com.br\/marketing\/"},{"@type":"ListItem","position":2,"name":"Oi lan\u00e7a nova campanha de telefonia m\u00f3vel com conceito \u201cUltraGigue-se\u201d"}]},{"@type":"WebSite","@id":"https:\/\/www.cidademarketing.com.br\/marketing\/#website","url":"https:\/\/www.cidademarketing.com.br\/marketing\/","name":"CidadeMarketing","description":"Somos um ve\u00edculo de comunica\u00e7\u00e3o de destaque no Brasil, reconhecido por conte\u00fados nos segmentos de marketing, empreendedorismo e inova\u00e7\u00e3o.","publisher":{"@id":"https:\/\/www.cidademarketing.com.br\/marketing\/#organization"},"alternateName":"CidadeMarketing","potentialAction":[{"@type":"SearchAction","target":{"@type":"EntryPoint","urlTemplate":"https:\/\/www.cidademarketing.com.br\/marketing\/?s={search_term_string}"},"query-input":{"@type":"PropertyValueSpecification","valueRequired":true,"valueName":"search_term_string"}}],"inLanguage":"pt-BR"},{"@type":"Organization","@id":"https:\/\/www.cidademarketing.com.br\/marketing\/#organization","name":"CidadeMarketing","alternateName":"CidadeMarketing","url":"https:\/\/www.cidademarketing.com.br\/marketing\/","logo":{"@type":"ImageObject","inLanguage":"pt-BR","@id":"https:\/\/www.cidademarketing.com.br\/marketing\/#\/schema\/logo\/image\/","url":"https:\/\/www.cidademarketing.com.br\/marketing\/wp-content\/uploads\/2020\/01\/cidademarketing_marca_mobile.png","contentUrl":"https:\/\/www.cidademarketing.com.br\/marketing\/wp-content\/uploads\/2020\/01\/cidademarketing_marca_mobile.png","width":230,"height":92,"caption":"CidadeMarketing"},"image":{"@id":"https:\/\/www.cidademarketing.com.br\/marketing\/#\/schema\/logo\/image\/"},"sameAs":["https:\/\/www.facebook.com\/portalcidademarketing","https:\/\/x.com\/CidadeMarketing","https:\/\/www.instagram.com\/cidademarketing\/"]},{"@type":"Person","@id":"https:\/\/www.cidademarketing.com.br\/marketing\/#\/schema\/person\/02daff9f18bd9378c9e01eb6b2db155f","name":"Thales Brand\u00e3o","image":{"@type":"ImageObject","inLanguage":"pt-BR","@id":"https:\/\/secure.gravatar.com\/avatar\/7ca3206950207cc3cb48feec56a8a7898741ab725c368d99d5d7a5a50aab80c6?s=96&d=mm&r=g","url":"https:\/\/secure.gravatar.com\/avatar\/7ca3206950207cc3cb48feec56a8a7898741ab725c368d99d5d7a5a50aab80c6?s=96&d=mm&r=g","contentUrl":"https:\/\/secure.gravatar.com\/avatar\/7ca3206950207cc3cb48feec56a8a7898741ab725c368d99d5d7a5a50aab80c6?s=96&d=mm&r=g","caption":"Thales Brand\u00e3o"},"description":"Editor Executivo do Portal CidadeMarketing.com.br &gt; Mestre em Comunica\u00e7\u00e3o e Sociedade pela Universidade Federal de Sergipe. Possui MBA Executivo em Administra\u00e7\u00e3o com \u00eanfase em Marketing pela Funda\u00e7\u00e3o Get\u00falio Vargas - Rio de Janeiro. Consultor, Palestrante e Pesquisador sobre Empreendedorismo, Marketing, Redes Sociais e Neg\u00f3cios Digitais. Professor, Palestrante TedxTalks e Campus Party. Twitter: @ThalesBrandao","sameAs":["http:\/\/www.mandacaru.com.br","https:\/\/www.facebook.com\/thalesbrandao","http:\/\/www.instagram.com.br\/thalesbrandaoferreira","https:\/\/www.linkedin.com\/in\/thales-brand\u00e3o-3948609\/","https:\/\/x.com\/http:\/\/www.twitter.com\/thalesbrandao"],"url":"https:\/\/www.cidademarketing.com.br\/marketing\/author\/thalesbrandao\/"}]}},"amp_enabled":true,"_links":{"self":[{"href":"https:\/\/www.cidademarketing.com.br\/marketing\/wp-json\/wp\/v2\/posts\/10450","targetHints":{"allow":["GET"]}}],"collection":[{"href":"https:\/\/www.cidademarketing.com.br\/marketing\/wp-json\/wp\/v2\/posts"}],"about":[{"href":"https:\/\/www.cidademarketing.com.br\/marketing\/wp-json\/wp\/v2\/types\/post"}],"author":[{"embeddable":true,"href":"https:\/\/www.cidademarketing.com.br\/marketing\/wp-json\/wp\/v2\/users\/1"}],"replies":[{"embeddable":true,"href":"https:\/\/www.cidademarketing.com.br\/marketing\/wp-json\/wp\/v2\/comments?post=10450"}],"version-history":[{"count":1,"href":"https:\/\/www.cidademarketing.com.br\/marketing\/wp-json\/wp\/v2\/posts\/10450\/revisions"}],"predecessor-version":[{"id":10452,"href":"https:\/\/www.cidademarketing.com.br\/marketing\/wp-json\/wp\/v2\/posts\/10450\/revisions\/10452"}],"wp:featuredmedia":[{"embeddable":true,"href":"https:\/\/www.cidademarketing.com.br\/marketing\/wp-json\/wp\/v2\/media\/10451"}],"wp:attachment":[{"href":"https:\/\/www.cidademarketing.com.br\/marketing\/wp-json\/wp\/v2\/media?parent=10450"}],"wp:term":[{"taxonomy":"category","embeddable":true,"href":"https:\/\/www.cidademarketing.com.br\/marketing\/wp-json\/wp\/v2\/categories?post=10450"},{"taxonomy":"post_tag","embeddable":true,"href":"https:\/\/www.cidademarketing.com.br\/marketing\/wp-json\/wp\/v2\/tags?post=10450"}],"curies":[{"name":"wp","href":"https:\/\/api.w.org\/{rel}","templated":true}]}}