{"id":10418,"date":"2019-07-30T05:40:06","date_gmt":"2019-07-30T01:40:06","guid":{"rendered":"https:\/\/www.cidademarketing.com.br\/marketing\/?p=10418"},"modified":"2019-07-30T05:40:08","modified_gmt":"2019-07-30T01:40:08","slug":"ritmo-de-crescimento-em-12-meses-do-segmento-financeiro-vem-mostrando-leve-desaceleracao-aponta-boa-vista","status":"publish","type":"post","link":"https:\/\/www.cidademarketing.com.br\/marketing\/2019\/07\/30\/ritmo-de-crescimento-em-12-meses-do-segmento-financeiro-vem-mostrando-leve-desaceleracao-aponta-boa-vista\/","title":{"rendered":"Ritmo de crescimento em 12 meses do segmento financeiro vem mostrando leve desacelera\u00e7\u00e3o, aponta Boa Vista"},"content":{"rendered":"\n<p>A Demanda por Cr\u00e9dito do\nConsumidor recuou 4,8% em junho na compara\u00e7\u00e3o com maio, j\u00e1 descontadas as\ninflu\u00eancias sazonais, de acordo com os dados nacionais da Boa Vista. Na\ncompara\u00e7\u00e3o com junho de 2018, o indicador caiu 3,7%. No acumulado em 12 meses,\ncontudo, a demanda por cr\u00e9dito ainda registra alta de 4,6%. Considerando os\nsegmentos que comp\u00f5em o indicador, o Financeiro apresentou queda de 7,9% no\nm\u00eas. O segmento N\u00e3o Financeiro, por sua vez, recuou 2,7% na mesma base de\ncompara\u00e7\u00e3o.<\/p>\n\n\n\n<p>A trajet\u00f3ria do indicador\nacumulado em 12 meses mostra que a demanda por cr\u00e9dito n\u00e3o tem apresentado\nsinais de acelera\u00e7\u00e3o no seu ritmo de recupera\u00e7\u00e3o, refletindo o fraco\ncrescimento da economia e o mercado de trabalho fragilizado por elevadas taxas\nde desocupa\u00e7\u00e3o e subutiliza\u00e7\u00e3o da m\u00e3o de obra.<br>\n<br>\nConsiderando os segmentos que comp\u00f5em o indicador, nota-se tend\u00eancia de alta no\nsegmento N\u00e3o Financeiro, contra leve desacelera\u00e7\u00e3o no segmento Financeiro.<br>\n<br>\nA deteriora\u00e7\u00e3o do cen\u00e1rio econ\u00f4mico e a queda da confian\u00e7a nos \u00faltimos meses\nparece ter se refletido em um comportamento mais cauteloso dos consumidores,\nafetando, com isto, a demanda por cr\u00e9dito, que mostrou queda pelo segundo m\u00eas\nconsecutivo \u2013 sendo que a diminui\u00e7\u00e3o mais acentuada foi observada no segmento\nFinanceiro.<br>\n<br>\nA disponibiliza\u00e7\u00e3o dos recursos do FGTS, que inclusive poder\u00e3o ser utilizados\ncomo garantia para empr\u00e9stimos, contudo, poder\u00e3o afetar positivamente a\ntrajet\u00f3ria do indicador nos pr\u00f3ximos meses. Abaixo a tabela contendo o resumo\ndos dados apresentados.<br>\n&nbsp;<\/p>\n\n\n\n<p><strong>Metodologia<\/strong><br>\nO indicador de Demanda do Consumidor por Cr\u00e9dito \u00e9 elaborado a partir da\nquantidade de consultas de CPF \u00e0 base de dados da Boa Vista por empresas. As\ns\u00e9ries t\u00eam como ano base a m\u00e9dia de 2011 = 100 e passam por ajuste sazonal para\navalia\u00e7\u00e3o da varia\u00e7\u00e3o mensal. A partir de janeiro de 2014, houve atualiza\u00e7\u00e3o\ndos fatores sazonais e reelabora\u00e7\u00e3o das s\u00e9ries dessazonalizadas, utilizando o\nfiltro sazonal X-12 ARIMA, disponibilizado pelo US Census Bureau.<br><br><br><\/p>\n","protected":false},"excerpt":{"rendered":"<p>A Demanda por Cr\u00e9dito do Consumidor recuou 4,8% em junho na compara\u00e7\u00e3o com maio, j\u00e1 descontadas as influ\u00eancias sazonais, de acordo com os dados nacionais da Boa Vista. Na compara\u00e7\u00e3o com junho de 2018, o indicador caiu 3,7%. No acumulado em 12 meses, contudo, a demanda por cr\u00e9dito ainda registra alta de 4,6%. Considerando os [&hellip;]<\/p>\n","protected":false},"author":1,"featured_media":10419,"comment_status":"open","ping_status":"open","sticky":false,"template":"","format":"standard","meta":{"tdm_status":"","tdm_grid_status":"","footnotes":""},"categories":[6,1],"tags":[1431,135,28],"class_list":["post-10418","post","type-post","status-publish","format-standard","has-post-thumbnail","hentry","category-noticias","category-pesquisademercado","tag-boa-vista","tag-comportamento-do-consumidor","tag-marketing"],"yoast_head":"<!-- This site is optimized with the Yoast SEO plugin v27.5 - https:\/\/yoast.com\/product\/yoast-seo-wordpress\/ -->\n<title>Ritmo de crescimento em 12 meses do segmento financeiro vem mostrando leve desacelera\u00e7\u00e3o, aponta Boa Vista - CidadeMarketing<\/title>\n<meta name=\"robots\" content=\"index, follow, max-snippet:-1, max-image-preview:large, max-video-preview:-1\" \/>\n<link rel=\"canonical\" href=\"https:\/\/www.cidademarketing.com.br\/marketing\/2019\/07\/30\/ritmo-de-crescimento-em-12-meses-do-segmento-financeiro-vem-mostrando-leve-desaceleracao-aponta-boa-vista\/\" \/>\n<meta property=\"og:locale\" content=\"pt_BR\" \/>\n<meta property=\"og:type\" content=\"article\" \/>\n<meta property=\"og:title\" content=\"Ritmo de crescimento em 12 meses do segmento financeiro vem mostrando leve desacelera\u00e7\u00e3o, aponta Boa Vista - CidadeMarketing\" \/>\n<meta property=\"og:description\" content=\"A Demanda por Cr\u00e9dito do Consumidor recuou 4,8% em junho na compara\u00e7\u00e3o com maio, j\u00e1 descontadas as influ\u00eancias sazonais, de acordo com os dados nacionais da Boa Vista. Na compara\u00e7\u00e3o com junho de 2018, o indicador caiu 3,7%. No acumulado em 12 meses, contudo, a demanda por cr\u00e9dito ainda registra alta de 4,6%. Considerando os [&hellip;]\" \/>\n<meta property=\"og:url\" content=\"https:\/\/www.cidademarketing.com.br\/marketing\/2019\/07\/30\/ritmo-de-crescimento-em-12-meses-do-segmento-financeiro-vem-mostrando-leve-desaceleracao-aponta-boa-vista\/\" \/>\n<meta property=\"og:site_name\" content=\"CidadeMarketing\" \/>\n<meta property=\"article:publisher\" content=\"https:\/\/www.facebook.com\/portalcidademarketing\" \/>\n<meta property=\"article:author\" content=\"https:\/\/www.facebook.com\/thalesbrandao\" \/>\n<meta property=\"article:published_time\" content=\"2019-07-30T01:40:06+00:00\" \/>\n<meta property=\"article:modified_time\" content=\"2019-07-30T01:40:08+00:00\" \/>\n<meta property=\"og:image\" content=\"https:\/\/www.cidademarketing.com.br\/marketing\/wp-content\/uploads\/2018\/11\/cropped-dinheiro.jpg\" \/>\n\t<meta property=\"og:image:width\" content=\"460\" \/>\n\t<meta property=\"og:image:height\" content=\"258\" \/>\n\t<meta property=\"og:image:type\" content=\"image\/jpeg\" \/>\n<meta name=\"author\" content=\"Thales Brand\u00e3o\" \/>\n<meta name=\"twitter:card\" content=\"summary_large_image\" \/>\n<meta name=\"twitter:creator\" content=\"@http:\/\/www.twitter.com\/thalesbrandao\" \/>\n<meta name=\"twitter:site\" content=\"@CidadeMarketing\" \/>\n<meta name=\"twitter:label1\" content=\"Escrito por\" \/>\n\t<meta name=\"twitter:data1\" content=\"Thales Brand\u00e3o\" \/>\n\t<meta name=\"twitter:label2\" content=\"Est. tempo de leitura\" \/>\n\t<meta name=\"twitter:data2\" content=\"2 minutos\" \/>\n<script type=\"application\/ld+json\" class=\"yoast-schema-graph\">{\"@context\":\"https:\\\/\\\/schema.org\",\"@graph\":[{\"@type\":\"Article\",\"@id\":\"https:\\\/\\\/www.cidademarketing.com.br\\\/marketing\\\/2019\\\/07\\\/30\\\/ritmo-de-crescimento-em-12-meses-do-segmento-financeiro-vem-mostrando-leve-desaceleracao-aponta-boa-vista\\\/#article\",\"isPartOf\":{\"@id\":\"https:\\\/\\\/www.cidademarketing.com.br\\\/marketing\\\/2019\\\/07\\\/30\\\/ritmo-de-crescimento-em-12-meses-do-segmento-financeiro-vem-mostrando-leve-desaceleracao-aponta-boa-vista\\\/\"},\"author\":{\"name\":\"Thales Brand\u00e3o\",\"@id\":\"https:\\\/\\\/www.cidademarketing.com.br\\\/marketing\\\/#\\\/schema\\\/person\\\/02daff9f18bd9378c9e01eb6b2db155f\"},\"headline\":\"Ritmo de crescimento em 12 meses do segmento financeiro vem mostrando leve desacelera\u00e7\u00e3o, aponta Boa Vista\",\"datePublished\":\"2019-07-30T01:40:06+00:00\",\"dateModified\":\"2019-07-30T01:40:08+00:00\",\"mainEntityOfPage\":{\"@id\":\"https:\\\/\\\/www.cidademarketing.com.br\\\/marketing\\\/2019\\\/07\\\/30\\\/ritmo-de-crescimento-em-12-meses-do-segmento-financeiro-vem-mostrando-leve-desaceleracao-aponta-boa-vista\\\/\"},\"wordCount\":358,\"commentCount\":0,\"publisher\":{\"@id\":\"https:\\\/\\\/www.cidademarketing.com.br\\\/marketing\\\/#organization\"},\"image\":{\"@id\":\"https:\\\/\\\/www.cidademarketing.com.br\\\/marketing\\\/2019\\\/07\\\/30\\\/ritmo-de-crescimento-em-12-meses-do-segmento-financeiro-vem-mostrando-leve-desaceleracao-aponta-boa-vista\\\/#primaryimage\"},\"thumbnailUrl\":\"https:\\\/\\\/www.cidademarketing.com.br\\\/marketing\\\/wp-content\\\/uploads\\\/2018\\\/11\\\/cropped-dinheiro.jpg\",\"keywords\":[\"Boa Vista\",\"comportamento do consumidor\",\"marketing\"],\"articleSection\":[\"Not\u00edcias\",\"Pesquisa de Mercado\"],\"inLanguage\":\"pt-BR\",\"potentialAction\":[{\"@type\":\"CommentAction\",\"name\":\"Comment\",\"target\":[\"https:\\\/\\\/www.cidademarketing.com.br\\\/marketing\\\/2019\\\/07\\\/30\\\/ritmo-de-crescimento-em-12-meses-do-segmento-financeiro-vem-mostrando-leve-desaceleracao-aponta-boa-vista\\\/#respond\"]}]},{\"@type\":\"WebPage\",\"@id\":\"https:\\\/\\\/www.cidademarketing.com.br\\\/marketing\\\/2019\\\/07\\\/30\\\/ritmo-de-crescimento-em-12-meses-do-segmento-financeiro-vem-mostrando-leve-desaceleracao-aponta-boa-vista\\\/\",\"url\":\"https:\\\/\\\/www.cidademarketing.com.br\\\/marketing\\\/2019\\\/07\\\/30\\\/ritmo-de-crescimento-em-12-meses-do-segmento-financeiro-vem-mostrando-leve-desaceleracao-aponta-boa-vista\\\/\",\"name\":\"Ritmo de crescimento em 12 meses do segmento financeiro vem mostrando leve desacelera\u00e7\u00e3o, aponta Boa Vista - CidadeMarketing\",\"isPartOf\":{\"@id\":\"https:\\\/\\\/www.cidademarketing.com.br\\\/marketing\\\/#website\"},\"primaryImageOfPage\":{\"@id\":\"https:\\\/\\\/www.cidademarketing.com.br\\\/marketing\\\/2019\\\/07\\\/30\\\/ritmo-de-crescimento-em-12-meses-do-segmento-financeiro-vem-mostrando-leve-desaceleracao-aponta-boa-vista\\\/#primaryimage\"},\"image\":{\"@id\":\"https:\\\/\\\/www.cidademarketing.com.br\\\/marketing\\\/2019\\\/07\\\/30\\\/ritmo-de-crescimento-em-12-meses-do-segmento-financeiro-vem-mostrando-leve-desaceleracao-aponta-boa-vista\\\/#primaryimage\"},\"thumbnailUrl\":\"https:\\\/\\\/www.cidademarketing.com.br\\\/marketing\\\/wp-content\\\/uploads\\\/2018\\\/11\\\/cropped-dinheiro.jpg\",\"datePublished\":\"2019-07-30T01:40:06+00:00\",\"dateModified\":\"2019-07-30T01:40:08+00:00\",\"breadcrumb\":{\"@id\":\"https:\\\/\\\/www.cidademarketing.com.br\\\/marketing\\\/2019\\\/07\\\/30\\\/ritmo-de-crescimento-em-12-meses-do-segmento-financeiro-vem-mostrando-leve-desaceleracao-aponta-boa-vista\\\/#breadcrumb\"},\"inLanguage\":\"pt-BR\",\"potentialAction\":[{\"@type\":\"ReadAction\",\"target\":[\"https:\\\/\\\/www.cidademarketing.com.br\\\/marketing\\\/2019\\\/07\\\/30\\\/ritmo-de-crescimento-em-12-meses-do-segmento-financeiro-vem-mostrando-leve-desaceleracao-aponta-boa-vista\\\/\"]}]},{\"@type\":\"ImageObject\",\"inLanguage\":\"pt-BR\",\"@id\":\"https:\\\/\\\/www.cidademarketing.com.br\\\/marketing\\\/2019\\\/07\\\/30\\\/ritmo-de-crescimento-em-12-meses-do-segmento-financeiro-vem-mostrando-leve-desaceleracao-aponta-boa-vista\\\/#primaryimage\",\"url\":\"https:\\\/\\\/www.cidademarketing.com.br\\\/marketing\\\/wp-content\\\/uploads\\\/2018\\\/11\\\/cropped-dinheiro.jpg\",\"contentUrl\":\"https:\\\/\\\/www.cidademarketing.com.br\\\/marketing\\\/wp-content\\\/uploads\\\/2018\\\/11\\\/cropped-dinheiro.jpg\",\"width\":460,\"height\":258},{\"@type\":\"BreadcrumbList\",\"@id\":\"https:\\\/\\\/www.cidademarketing.com.br\\\/marketing\\\/2019\\\/07\\\/30\\\/ritmo-de-crescimento-em-12-meses-do-segmento-financeiro-vem-mostrando-leve-desaceleracao-aponta-boa-vista\\\/#breadcrumb\",\"itemListElement\":[{\"@type\":\"ListItem\",\"position\":1,\"name\":\"In\u00edcio\",\"item\":\"https:\\\/\\\/www.cidademarketing.com.br\\\/marketing\\\/\"},{\"@type\":\"ListItem\",\"position\":2,\"name\":\"Ritmo de crescimento em 12 meses do segmento financeiro vem mostrando leve desacelera\u00e7\u00e3o, aponta Boa Vista\"}]},{\"@type\":\"WebSite\",\"@id\":\"https:\\\/\\\/www.cidademarketing.com.br\\\/marketing\\\/#website\",\"url\":\"https:\\\/\\\/www.cidademarketing.com.br\\\/marketing\\\/\",\"name\":\"CidadeMarketing\",\"description\":\"Somos um ve\u00edculo de comunica\u00e7\u00e3o de destaque no Brasil, reconhecido por conte\u00fados nos segmentos de marketing, empreendedorismo e inova\u00e7\u00e3o.\",\"publisher\":{\"@id\":\"https:\\\/\\\/www.cidademarketing.com.br\\\/marketing\\\/#organization\"},\"alternateName\":\"CidadeMarketing\",\"potentialAction\":[{\"@type\":\"SearchAction\",\"target\":{\"@type\":\"EntryPoint\",\"urlTemplate\":\"https:\\\/\\\/www.cidademarketing.com.br\\\/marketing\\\/?s={search_term_string}\"},\"query-input\":{\"@type\":\"PropertyValueSpecification\",\"valueRequired\":true,\"valueName\":\"search_term_string\"}}],\"inLanguage\":\"pt-BR\"},{\"@type\":\"Organization\",\"@id\":\"https:\\\/\\\/www.cidademarketing.com.br\\\/marketing\\\/#organization\",\"name\":\"CidadeMarketing\",\"alternateName\":\"CidadeMarketing\",\"url\":\"https:\\\/\\\/www.cidademarketing.com.br\\\/marketing\\\/\",\"logo\":{\"@type\":\"ImageObject\",\"inLanguage\":\"pt-BR\",\"@id\":\"https:\\\/\\\/www.cidademarketing.com.br\\\/marketing\\\/#\\\/schema\\\/logo\\\/image\\\/\",\"url\":\"https:\\\/\\\/www.cidademarketing.com.br\\\/marketing\\\/wp-content\\\/uploads\\\/2020\\\/01\\\/cidademarketing_marca_mobile.png\",\"contentUrl\":\"https:\\\/\\\/www.cidademarketing.com.br\\\/marketing\\\/wp-content\\\/uploads\\\/2020\\\/01\\\/cidademarketing_marca_mobile.png\",\"width\":230,\"height\":92,\"caption\":\"CidadeMarketing\"},\"image\":{\"@id\":\"https:\\\/\\\/www.cidademarketing.com.br\\\/marketing\\\/#\\\/schema\\\/logo\\\/image\\\/\"},\"sameAs\":[\"https:\\\/\\\/www.facebook.com\\\/portalcidademarketing\",\"https:\\\/\\\/x.com\\\/CidadeMarketing\",\"https:\\\/\\\/www.instagram.com\\\/cidademarketing\\\/\"]},{\"@type\":\"Person\",\"@id\":\"https:\\\/\\\/www.cidademarketing.com.br\\\/marketing\\\/#\\\/schema\\\/person\\\/02daff9f18bd9378c9e01eb6b2db155f\",\"name\":\"Thales Brand\u00e3o\",\"image\":{\"@type\":\"ImageObject\",\"inLanguage\":\"pt-BR\",\"@id\":\"https:\\\/\\\/secure.gravatar.com\\\/avatar\\\/7ca3206950207cc3cb48feec56a8a7898741ab725c368d99d5d7a5a50aab80c6?s=96&d=mm&r=g\",\"url\":\"https:\\\/\\\/secure.gravatar.com\\\/avatar\\\/7ca3206950207cc3cb48feec56a8a7898741ab725c368d99d5d7a5a50aab80c6?s=96&d=mm&r=g\",\"contentUrl\":\"https:\\\/\\\/secure.gravatar.com\\\/avatar\\\/7ca3206950207cc3cb48feec56a8a7898741ab725c368d99d5d7a5a50aab80c6?s=96&d=mm&r=g\",\"caption\":\"Thales Brand\u00e3o\"},\"description\":\"Editor Executivo do Portal CidadeMarketing.com.br &gt; Mestre em Comunica\u00e7\u00e3o e Sociedade pela Universidade Federal de Sergipe. Possui MBA Executivo em Administra\u00e7\u00e3o com \u00eanfase em Marketing pela Funda\u00e7\u00e3o Get\u00falio Vargas - Rio de Janeiro. Consultor, Palestrante e Pesquisador sobre Empreendedorismo, Marketing, Redes Sociais e Neg\u00f3cios Digitais. Professor, Palestrante TedxTalks e Campus Party. Twitter: @ThalesBrandao\",\"sameAs\":[\"http:\\\/\\\/www.mandacaru.com.br\",\"https:\\\/\\\/www.facebook.com\\\/thalesbrandao\",\"http:\\\/\\\/www.instagram.com.br\\\/thalesbrandaoferreira\",\"https:\\\/\\\/www.linkedin.com\\\/in\\\/thales-brand\u00e3o-3948609\\\/\",\"https:\\\/\\\/x.com\\\/http:\\\/\\\/www.twitter.com\\\/thalesbrandao\"],\"url\":\"https:\\\/\\\/www.cidademarketing.com.br\\\/marketing\\\/author\\\/thalesbrandao\\\/\"}]}<\/script>\n<!-- \/ Yoast SEO plugin. -->","yoast_head_json":{"title":"Ritmo de crescimento em 12 meses do segmento financeiro vem mostrando leve desacelera\u00e7\u00e3o, aponta Boa Vista - CidadeMarketing","robots":{"index":"index","follow":"follow","max-snippet":"max-snippet:-1","max-image-preview":"max-image-preview:large","max-video-preview":"max-video-preview:-1"},"canonical":"https:\/\/www.cidademarketing.com.br\/marketing\/2019\/07\/30\/ritmo-de-crescimento-em-12-meses-do-segmento-financeiro-vem-mostrando-leve-desaceleracao-aponta-boa-vista\/","og_locale":"pt_BR","og_type":"article","og_title":"Ritmo de crescimento em 12 meses do segmento financeiro vem mostrando leve desacelera\u00e7\u00e3o, aponta Boa Vista - CidadeMarketing","og_description":"A Demanda por Cr\u00e9dito do Consumidor recuou 4,8% em junho na compara\u00e7\u00e3o com maio, j\u00e1 descontadas as influ\u00eancias sazonais, de acordo com os dados nacionais da Boa Vista. Na compara\u00e7\u00e3o com junho de 2018, o indicador caiu 3,7%. No acumulado em 12 meses, contudo, a demanda por cr\u00e9dito ainda registra alta de 4,6%. Considerando os [&hellip;]","og_url":"https:\/\/www.cidademarketing.com.br\/marketing\/2019\/07\/30\/ritmo-de-crescimento-em-12-meses-do-segmento-financeiro-vem-mostrando-leve-desaceleracao-aponta-boa-vista\/","og_site_name":"CidadeMarketing","article_publisher":"https:\/\/www.facebook.com\/portalcidademarketing","article_author":"https:\/\/www.facebook.com\/thalesbrandao","article_published_time":"2019-07-30T01:40:06+00:00","article_modified_time":"2019-07-30T01:40:08+00:00","og_image":[{"width":460,"height":258,"url":"https:\/\/www.cidademarketing.com.br\/marketing\/wp-content\/uploads\/2018\/11\/cropped-dinheiro.jpg","type":"image\/jpeg"}],"author":"Thales Brand\u00e3o","twitter_card":"summary_large_image","twitter_creator":"@http:\/\/www.twitter.com\/thalesbrandao","twitter_site":"@CidadeMarketing","twitter_misc":{"Escrito por":"Thales Brand\u00e3o","Est. tempo de leitura":"2 minutos"},"schema":{"@context":"https:\/\/schema.org","@graph":[{"@type":"Article","@id":"https:\/\/www.cidademarketing.com.br\/marketing\/2019\/07\/30\/ritmo-de-crescimento-em-12-meses-do-segmento-financeiro-vem-mostrando-leve-desaceleracao-aponta-boa-vista\/#article","isPartOf":{"@id":"https:\/\/www.cidademarketing.com.br\/marketing\/2019\/07\/30\/ritmo-de-crescimento-em-12-meses-do-segmento-financeiro-vem-mostrando-leve-desaceleracao-aponta-boa-vista\/"},"author":{"name":"Thales Brand\u00e3o","@id":"https:\/\/www.cidademarketing.com.br\/marketing\/#\/schema\/person\/02daff9f18bd9378c9e01eb6b2db155f"},"headline":"Ritmo de crescimento em 12 meses do segmento financeiro vem mostrando leve desacelera\u00e7\u00e3o, aponta Boa Vista","datePublished":"2019-07-30T01:40:06+00:00","dateModified":"2019-07-30T01:40:08+00:00","mainEntityOfPage":{"@id":"https:\/\/www.cidademarketing.com.br\/marketing\/2019\/07\/30\/ritmo-de-crescimento-em-12-meses-do-segmento-financeiro-vem-mostrando-leve-desaceleracao-aponta-boa-vista\/"},"wordCount":358,"commentCount":0,"publisher":{"@id":"https:\/\/www.cidademarketing.com.br\/marketing\/#organization"},"image":{"@id":"https:\/\/www.cidademarketing.com.br\/marketing\/2019\/07\/30\/ritmo-de-crescimento-em-12-meses-do-segmento-financeiro-vem-mostrando-leve-desaceleracao-aponta-boa-vista\/#primaryimage"},"thumbnailUrl":"https:\/\/www.cidademarketing.com.br\/marketing\/wp-content\/uploads\/2018\/11\/cropped-dinheiro.jpg","keywords":["Boa Vista","comportamento do consumidor","marketing"],"articleSection":["Not\u00edcias","Pesquisa de Mercado"],"inLanguage":"pt-BR","potentialAction":[{"@type":"CommentAction","name":"Comment","target":["https:\/\/www.cidademarketing.com.br\/marketing\/2019\/07\/30\/ritmo-de-crescimento-em-12-meses-do-segmento-financeiro-vem-mostrando-leve-desaceleracao-aponta-boa-vista\/#respond"]}]},{"@type":"WebPage","@id":"https:\/\/www.cidademarketing.com.br\/marketing\/2019\/07\/30\/ritmo-de-crescimento-em-12-meses-do-segmento-financeiro-vem-mostrando-leve-desaceleracao-aponta-boa-vista\/","url":"https:\/\/www.cidademarketing.com.br\/marketing\/2019\/07\/30\/ritmo-de-crescimento-em-12-meses-do-segmento-financeiro-vem-mostrando-leve-desaceleracao-aponta-boa-vista\/","name":"Ritmo de crescimento em 12 meses do segmento financeiro vem mostrando leve desacelera\u00e7\u00e3o, aponta Boa Vista - CidadeMarketing","isPartOf":{"@id":"https:\/\/www.cidademarketing.com.br\/marketing\/#website"},"primaryImageOfPage":{"@id":"https:\/\/www.cidademarketing.com.br\/marketing\/2019\/07\/30\/ritmo-de-crescimento-em-12-meses-do-segmento-financeiro-vem-mostrando-leve-desaceleracao-aponta-boa-vista\/#primaryimage"},"image":{"@id":"https:\/\/www.cidademarketing.com.br\/marketing\/2019\/07\/30\/ritmo-de-crescimento-em-12-meses-do-segmento-financeiro-vem-mostrando-leve-desaceleracao-aponta-boa-vista\/#primaryimage"},"thumbnailUrl":"https:\/\/www.cidademarketing.com.br\/marketing\/wp-content\/uploads\/2018\/11\/cropped-dinheiro.jpg","datePublished":"2019-07-30T01:40:06+00:00","dateModified":"2019-07-30T01:40:08+00:00","breadcrumb":{"@id":"https:\/\/www.cidademarketing.com.br\/marketing\/2019\/07\/30\/ritmo-de-crescimento-em-12-meses-do-segmento-financeiro-vem-mostrando-leve-desaceleracao-aponta-boa-vista\/#breadcrumb"},"inLanguage":"pt-BR","potentialAction":[{"@type":"ReadAction","target":["https:\/\/www.cidademarketing.com.br\/marketing\/2019\/07\/30\/ritmo-de-crescimento-em-12-meses-do-segmento-financeiro-vem-mostrando-leve-desaceleracao-aponta-boa-vista\/"]}]},{"@type":"ImageObject","inLanguage":"pt-BR","@id":"https:\/\/www.cidademarketing.com.br\/marketing\/2019\/07\/30\/ritmo-de-crescimento-em-12-meses-do-segmento-financeiro-vem-mostrando-leve-desaceleracao-aponta-boa-vista\/#primaryimage","url":"https:\/\/www.cidademarketing.com.br\/marketing\/wp-content\/uploads\/2018\/11\/cropped-dinheiro.jpg","contentUrl":"https:\/\/www.cidademarketing.com.br\/marketing\/wp-content\/uploads\/2018\/11\/cropped-dinheiro.jpg","width":460,"height":258},{"@type":"BreadcrumbList","@id":"https:\/\/www.cidademarketing.com.br\/marketing\/2019\/07\/30\/ritmo-de-crescimento-em-12-meses-do-segmento-financeiro-vem-mostrando-leve-desaceleracao-aponta-boa-vista\/#breadcrumb","itemListElement":[{"@type":"ListItem","position":1,"name":"In\u00edcio","item":"https:\/\/www.cidademarketing.com.br\/marketing\/"},{"@type":"ListItem","position":2,"name":"Ritmo de crescimento em 12 meses do segmento financeiro vem mostrando leve desacelera\u00e7\u00e3o, aponta Boa Vista"}]},{"@type":"WebSite","@id":"https:\/\/www.cidademarketing.com.br\/marketing\/#website","url":"https:\/\/www.cidademarketing.com.br\/marketing\/","name":"CidadeMarketing","description":"Somos um ve\u00edculo de comunica\u00e7\u00e3o de destaque no Brasil, reconhecido por conte\u00fados nos segmentos de marketing, empreendedorismo e inova\u00e7\u00e3o.","publisher":{"@id":"https:\/\/www.cidademarketing.com.br\/marketing\/#organization"},"alternateName":"CidadeMarketing","potentialAction":[{"@type":"SearchAction","target":{"@type":"EntryPoint","urlTemplate":"https:\/\/www.cidademarketing.com.br\/marketing\/?s={search_term_string}"},"query-input":{"@type":"PropertyValueSpecification","valueRequired":true,"valueName":"search_term_string"}}],"inLanguage":"pt-BR"},{"@type":"Organization","@id":"https:\/\/www.cidademarketing.com.br\/marketing\/#organization","name":"CidadeMarketing","alternateName":"CidadeMarketing","url":"https:\/\/www.cidademarketing.com.br\/marketing\/","logo":{"@type":"ImageObject","inLanguage":"pt-BR","@id":"https:\/\/www.cidademarketing.com.br\/marketing\/#\/schema\/logo\/image\/","url":"https:\/\/www.cidademarketing.com.br\/marketing\/wp-content\/uploads\/2020\/01\/cidademarketing_marca_mobile.png","contentUrl":"https:\/\/www.cidademarketing.com.br\/marketing\/wp-content\/uploads\/2020\/01\/cidademarketing_marca_mobile.png","width":230,"height":92,"caption":"CidadeMarketing"},"image":{"@id":"https:\/\/www.cidademarketing.com.br\/marketing\/#\/schema\/logo\/image\/"},"sameAs":["https:\/\/www.facebook.com\/portalcidademarketing","https:\/\/x.com\/CidadeMarketing","https:\/\/www.instagram.com\/cidademarketing\/"]},{"@type":"Person","@id":"https:\/\/www.cidademarketing.com.br\/marketing\/#\/schema\/person\/02daff9f18bd9378c9e01eb6b2db155f","name":"Thales Brand\u00e3o","image":{"@type":"ImageObject","inLanguage":"pt-BR","@id":"https:\/\/secure.gravatar.com\/avatar\/7ca3206950207cc3cb48feec56a8a7898741ab725c368d99d5d7a5a50aab80c6?s=96&d=mm&r=g","url":"https:\/\/secure.gravatar.com\/avatar\/7ca3206950207cc3cb48feec56a8a7898741ab725c368d99d5d7a5a50aab80c6?s=96&d=mm&r=g","contentUrl":"https:\/\/secure.gravatar.com\/avatar\/7ca3206950207cc3cb48feec56a8a7898741ab725c368d99d5d7a5a50aab80c6?s=96&d=mm&r=g","caption":"Thales Brand\u00e3o"},"description":"Editor Executivo do Portal CidadeMarketing.com.br &gt; Mestre em Comunica\u00e7\u00e3o e Sociedade pela Universidade Federal de Sergipe. Possui MBA Executivo em Administra\u00e7\u00e3o com \u00eanfase em Marketing pela Funda\u00e7\u00e3o Get\u00falio Vargas - Rio de Janeiro. Consultor, Palestrante e Pesquisador sobre Empreendedorismo, Marketing, Redes Sociais e Neg\u00f3cios Digitais. Professor, Palestrante TedxTalks e Campus Party. Twitter: @ThalesBrandao","sameAs":["http:\/\/www.mandacaru.com.br","https:\/\/www.facebook.com\/thalesbrandao","http:\/\/www.instagram.com.br\/thalesbrandaoferreira","https:\/\/www.linkedin.com\/in\/thales-brand\u00e3o-3948609\/","https:\/\/x.com\/http:\/\/www.twitter.com\/thalesbrandao"],"url":"https:\/\/www.cidademarketing.com.br\/marketing\/author\/thalesbrandao\/"}]}},"amp_enabled":true,"_links":{"self":[{"href":"https:\/\/www.cidademarketing.com.br\/marketing\/wp-json\/wp\/v2\/posts\/10418","targetHints":{"allow":["GET"]}}],"collection":[{"href":"https:\/\/www.cidademarketing.com.br\/marketing\/wp-json\/wp\/v2\/posts"}],"about":[{"href":"https:\/\/www.cidademarketing.com.br\/marketing\/wp-json\/wp\/v2\/types\/post"}],"author":[{"embeddable":true,"href":"https:\/\/www.cidademarketing.com.br\/marketing\/wp-json\/wp\/v2\/users\/1"}],"replies":[{"embeddable":true,"href":"https:\/\/www.cidademarketing.com.br\/marketing\/wp-json\/wp\/v2\/comments?post=10418"}],"version-history":[{"count":1,"href":"https:\/\/www.cidademarketing.com.br\/marketing\/wp-json\/wp\/v2\/posts\/10418\/revisions"}],"predecessor-version":[{"id":10420,"href":"https:\/\/www.cidademarketing.com.br\/marketing\/wp-json\/wp\/v2\/posts\/10418\/revisions\/10420"}],"wp:featuredmedia":[{"embeddable":true,"href":"https:\/\/www.cidademarketing.com.br\/marketing\/wp-json\/wp\/v2\/media\/10419"}],"wp:attachment":[{"href":"https:\/\/www.cidademarketing.com.br\/marketing\/wp-json\/wp\/v2\/media?parent=10418"}],"wp:term":[{"taxonomy":"category","embeddable":true,"href":"https:\/\/www.cidademarketing.com.br\/marketing\/wp-json\/wp\/v2\/categories?post=10418"},{"taxonomy":"post_tag","embeddable":true,"href":"https:\/\/www.cidademarketing.com.br\/marketing\/wp-json\/wp\/v2\/tags?post=10418"}],"curies":[{"name":"wp","href":"https:\/\/api.w.org\/{rel}","templated":true}]}}