{"id":10344,"date":"2019-07-26T23:34:07","date_gmt":"2019-07-26T19:34:07","guid":{"rendered":"https:\/\/www.cidademarketing.com.br\/marketing\/?p=10344"},"modified":"2019-07-26T23:34:09","modified_gmt":"2019-07-26T19:34:09","slug":"gramado-summit-recebe-visitantes-de-todo-brasil-e-expositores-internacionais","status":"publish","type":"post","link":"https:\/\/www.cidademarketing.com.br\/marketing\/2019\/07\/26\/gramado-summit-recebe-visitantes-de-todo-brasil-e-expositores-internacionais\/","title":{"rendered":"Gramado Summit recebe visitantes de todo Brasil e expositores internacionais"},"content":{"rendered":"\n<p>A terceira edi\u00e7\u00e3o da <a href=\"https:\/\/www.gramadosummit.com\/\" target=\"_blank\" rel=\"noreferrer noopener\" aria-label=\"Gramado Summit (abre numa nova aba)\">Gramado Summit<\/a> est\u00e1 quase come\u00e7ando. Entre quarta-feira (31) e sexta-feira (2) da pr\u00f3xima semana, a inova\u00e7\u00e3o e a tecnologia ser\u00e3o impulsionadas com uma intensa programa\u00e7\u00e3o. Ao todo, ser\u00e3o tr\u00eas palcos de conte\u00fado, com mais de 120 palestrantes. Al\u00e9m disso, s\u00e3o esperados 4 mil empreendedores e investidores na feira de neg\u00f3cios.\u00a0<\/p>\n\n\n\n<p>O evento tamb\u00e9m ter\u00e1 a\npresen\u00e7a de visitantes de mais de 20 estados brasileiros. A Gramado Summit\nreunir\u00e1 pessoas do Acre, Bahia, S\u00e3o Paulo, Paran\u00e1, Goi\u00e1s, Esp\u00edrito Santo,\nPernambuco, Rio de Janeiro e diversas outras regi\u00f5es. Fora os participantes de\ntodo Brasil, o evento contar\u00e1 com empresas expositoras de muitas cidades\nnacionais e internacionais, como os governos de M\u00f4naco, Hong Kong e Canad\u00e1.<\/p>\n\n\n\n<p><strong>Mais de 120\npalestrantes &#8211;&nbsp; <\/strong>Em tr\u00eas palcos diferentes, mais de 120 palestrantes de\ndiversos segmentos compartilhar\u00e3o experi\u00eancias. Est\u00e3o confirmados nomes como\nHeini Zachariasse (Fundador da Vivino), Serginho Groisman (apresentador), Pedro\nSuperti (Tribal Leader &#8211; Para o Alto e Avante), Cid N\u00e3o Salvo (Criador &#8211; N\u00e3o\nSalvo), Israel Salmen (CEO &#8211; M\u00e9liuz), Geraldo Rufino (Fundador &#8211; JR Diesel) e\nLisiane Lemos (Under 30 &#8211; Forbes).&nbsp;<\/p>\n\n\n\n<p><strong>Mais de 100 expositores\n&#8211; <\/strong>S\u00e3o\nesperadas mais de 100 empresas expositoras e 4 mil empreendedores na feira de\nneg\u00f3cios, incluindo os CEOs e fundadores das principais startups do pa\u00eds, os\nnovos projetos mais promissores e os grandes investidores do Brasil.&nbsp;\nEntre as expositoras, est\u00e3o startups iniciantes, marcas j\u00e1 consolidadas no\nmercado e governos internacionais, como M\u00f4naco, Hong Kong e Canad\u00e1. Tudo isso\nbuscando alavancar o ecossistema brasileiro com a concretiza\u00e7\u00e3o de neg\u00f3cios e\nconte\u00fado de qualidade.<\/p>\n\n\n\n<p><strong>Ingressos &#8211; <\/strong>Se voc\u00ea ainda n\u00e3o adquiriu ingresso para o maior brainstorming do Brasil, a Gramado Summit oferece diversas op\u00e7\u00f5es: Lote Musk (para os tr\u00eas dias de evento), Day Pass (precinho especial para apenas um dia) e VIP (para os tr\u00eas dias e + vantagens exclusivas). Al\u00e9m da op\u00e7\u00e3o de ingressos individuais, a Summit oferece passaportes com pre\u00e7o especial para grupos. Para cinco ou mais pessoas, o ingresso fica com menos 20% de desconto. Para tr\u00eas ou quatro pessoas, o desconto \u00e9 de 10%. <\/p>\n\n\n\n<p>A Gramado Summit \u00e9\npatrocinada por grandes empresas como a Dinamize, Randon, Getnet, Nelogica,\nAlgar, Visit Monaco, ABDI, Banrisul, PipeRun, Neon Pagamentos, Piar\nComunica\u00e7\u00e3o, Shawee, Silva Lopes Advogados, Biznes Consultoria, Dobra, Omie,\nCiclic, Bora Vender, Oca Brasil, PUCRS, Tecnopuc, Belas Letras, Bora Vender,\nDuck Design Studio, Brocker Turismo e Laghetto Hot\u00e9is.&nbsp;<\/p>\n\n\n\n<p><strong>SERVI\u00c7O<\/strong><\/p>\n\n\n\n<p><strong>GRAMADO SUMMIT 2019<\/strong><\/p>\n\n\n\n<p><strong>Quando &#8211; <\/strong>De 31 de julho a 2 de\nagosto<\/p>\n\n\n\n<p><strong>Hor\u00e1rio &#8211; <\/strong>Das 9h \u00e0s 18h30<\/p>\n\n\n\n<p><strong>Onde &#8211; <\/strong>Serra Park, em Gramado\/RS<\/p>\n","protected":false},"excerpt":{"rendered":"<p>A terceira edi\u00e7\u00e3o da Gramado Summit est\u00e1 quase come\u00e7ando. Entre quarta-feira (31) e sexta-feira (2) da pr\u00f3xima semana, a inova\u00e7\u00e3o e a tecnologia ser\u00e3o impulsionadas com uma intensa programa\u00e7\u00e3o. Ao todo, ser\u00e3o tr\u00eas palcos de conte\u00fado, com mais de 120 palestrantes. Al\u00e9m disso, s\u00e3o esperados 4 mil empreendedores e investidores na feira de neg\u00f3cios.\u00a0 O [&hellip;]<\/p>\n","protected":false},"author":1,"featured_media":10346,"comment_status":"open","ping_status":"open","sticky":false,"template":"","format":"standard","meta":{"tdm_status":"","tdm_grid_status":"","footnotes":""},"categories":[13],"tags":[179,2179,28,66],"class_list":["post-10344","post","type-post","status-publish","format-standard","has-post-thumbnail","hentry","category-eventos","tag-evento","tag-gramado-summit","tag-marketing","tag-propaganda"],"yoast_head":"<!-- This site is optimized with the Yoast SEO plugin v27.5 - https:\/\/yoast.com\/product\/yoast-seo-wordpress\/ -->\n<title>Gramado Summit recebe visitantes de todo Brasil e expositores internacionais - CidadeMarketing<\/title>\n<meta name=\"robots\" content=\"index, follow, max-snippet:-1, max-image-preview:large, max-video-preview:-1\" \/>\n<link rel=\"canonical\" href=\"https:\/\/www.cidademarketing.com.br\/marketing\/2019\/07\/26\/gramado-summit-recebe-visitantes-de-todo-brasil-e-expositores-internacionais\/\" \/>\n<meta property=\"og:locale\" content=\"pt_BR\" \/>\n<meta property=\"og:type\" content=\"article\" \/>\n<meta property=\"og:title\" content=\"Gramado Summit recebe visitantes de todo Brasil e expositores internacionais - CidadeMarketing\" \/>\n<meta property=\"og:description\" content=\"A terceira edi\u00e7\u00e3o da Gramado Summit est\u00e1 quase come\u00e7ando. Entre quarta-feira (31) e sexta-feira (2) da pr\u00f3xima semana, a inova\u00e7\u00e3o e a tecnologia ser\u00e3o impulsionadas com uma intensa programa\u00e7\u00e3o. Ao todo, ser\u00e3o tr\u00eas palcos de conte\u00fado, com mais de 120 palestrantes. Al\u00e9m disso, s\u00e3o esperados 4 mil empreendedores e investidores na feira de neg\u00f3cios.\u00a0 O [&hellip;]\" \/>\n<meta property=\"og:url\" content=\"https:\/\/www.cidademarketing.com.br\/marketing\/2019\/07\/26\/gramado-summit-recebe-visitantes-de-todo-brasil-e-expositores-internacionais\/\" \/>\n<meta property=\"og:site_name\" content=\"CidadeMarketing\" \/>\n<meta property=\"article:publisher\" content=\"https:\/\/www.facebook.com\/portalcidademarketing\" \/>\n<meta property=\"article:author\" content=\"https:\/\/www.facebook.com\/thalesbrandao\" \/>\n<meta property=\"article:published_time\" content=\"2019-07-26T19:34:07+00:00\" \/>\n<meta property=\"article:modified_time\" content=\"2019-07-26T19:34:09+00:00\" \/>\n<meta property=\"og:image\" content=\"https:\/\/www.cidademarketing.com.br\/marketing\/wp-content\/uploads\/2019\/07\/cropped-gramado_summit_2019_.jpg\" \/>\n\t<meta property=\"og:image:width\" content=\"960\" \/>\n\t<meta property=\"og:image:height\" content=\"540\" \/>\n\t<meta property=\"og:image:type\" content=\"image\/jpeg\" \/>\n<meta name=\"author\" content=\"Thales Brand\u00e3o\" \/>\n<meta name=\"twitter:card\" content=\"summary_large_image\" \/>\n<meta name=\"twitter:creator\" content=\"@http:\/\/www.twitter.com\/thalesbrandao\" \/>\n<meta name=\"twitter:site\" content=\"@CidadeMarketing\" \/>\n<meta name=\"twitter:label1\" content=\"Escrito por\" \/>\n\t<meta name=\"twitter:data1\" content=\"Thales Brand\u00e3o\" \/>\n\t<meta name=\"twitter:label2\" content=\"Est. tempo de leitura\" \/>\n\t<meta name=\"twitter:data2\" content=\"2 minutos\" \/>\n<script type=\"application\/ld+json\" class=\"yoast-schema-graph\">{\"@context\":\"https:\\\/\\\/schema.org\",\"@graph\":[{\"@type\":\"Article\",\"@id\":\"https:\\\/\\\/www.cidademarketing.com.br\\\/marketing\\\/2019\\\/07\\\/26\\\/gramado-summit-recebe-visitantes-de-todo-brasil-e-expositores-internacionais\\\/#article\",\"isPartOf\":{\"@id\":\"https:\\\/\\\/www.cidademarketing.com.br\\\/marketing\\\/2019\\\/07\\\/26\\\/gramado-summit-recebe-visitantes-de-todo-brasil-e-expositores-internacionais\\\/\"},\"author\":{\"name\":\"Thales Brand\u00e3o\",\"@id\":\"https:\\\/\\\/www.cidademarketing.com.br\\\/marketing\\\/#\\\/schema\\\/person\\\/02daff9f18bd9378c9e01eb6b2db155f\"},\"headline\":\"Gramado Summit recebe visitantes de todo Brasil e expositores internacionais\",\"datePublished\":\"2019-07-26T19:34:07+00:00\",\"dateModified\":\"2019-07-26T19:34:09+00:00\",\"mainEntityOfPage\":{\"@id\":\"https:\\\/\\\/www.cidademarketing.com.br\\\/marketing\\\/2019\\\/07\\\/26\\\/gramado-summit-recebe-visitantes-de-todo-brasil-e-expositores-internacionais\\\/\"},\"wordCount\":462,\"commentCount\":0,\"publisher\":{\"@id\":\"https:\\\/\\\/www.cidademarketing.com.br\\\/marketing\\\/#organization\"},\"image\":{\"@id\":\"https:\\\/\\\/www.cidademarketing.com.br\\\/marketing\\\/2019\\\/07\\\/26\\\/gramado-summit-recebe-visitantes-de-todo-brasil-e-expositores-internacionais\\\/#primaryimage\"},\"thumbnailUrl\":\"https:\\\/\\\/www.cidademarketing.com.br\\\/marketing\\\/wp-content\\\/uploads\\\/2019\\\/07\\\/cropped-gramado_summit_2019_.jpg\",\"keywords\":[\"evento\",\"Gramado Summit\",\"marketing\",\"propaganda\"],\"articleSection\":[\"Eventos\"],\"inLanguage\":\"pt-BR\",\"potentialAction\":[{\"@type\":\"CommentAction\",\"name\":\"Comment\",\"target\":[\"https:\\\/\\\/www.cidademarketing.com.br\\\/marketing\\\/2019\\\/07\\\/26\\\/gramado-summit-recebe-visitantes-de-todo-brasil-e-expositores-internacionais\\\/#respond\"]}]},{\"@type\":\"WebPage\",\"@id\":\"https:\\\/\\\/www.cidademarketing.com.br\\\/marketing\\\/2019\\\/07\\\/26\\\/gramado-summit-recebe-visitantes-de-todo-brasil-e-expositores-internacionais\\\/\",\"url\":\"https:\\\/\\\/www.cidademarketing.com.br\\\/marketing\\\/2019\\\/07\\\/26\\\/gramado-summit-recebe-visitantes-de-todo-brasil-e-expositores-internacionais\\\/\",\"name\":\"Gramado Summit recebe visitantes de todo Brasil e expositores internacionais - CidadeMarketing\",\"isPartOf\":{\"@id\":\"https:\\\/\\\/www.cidademarketing.com.br\\\/marketing\\\/#website\"},\"primaryImageOfPage\":{\"@id\":\"https:\\\/\\\/www.cidademarketing.com.br\\\/marketing\\\/2019\\\/07\\\/26\\\/gramado-summit-recebe-visitantes-de-todo-brasil-e-expositores-internacionais\\\/#primaryimage\"},\"image\":{\"@id\":\"https:\\\/\\\/www.cidademarketing.com.br\\\/marketing\\\/2019\\\/07\\\/26\\\/gramado-summit-recebe-visitantes-de-todo-brasil-e-expositores-internacionais\\\/#primaryimage\"},\"thumbnailUrl\":\"https:\\\/\\\/www.cidademarketing.com.br\\\/marketing\\\/wp-content\\\/uploads\\\/2019\\\/07\\\/cropped-gramado_summit_2019_.jpg\",\"datePublished\":\"2019-07-26T19:34:07+00:00\",\"dateModified\":\"2019-07-26T19:34:09+00:00\",\"breadcrumb\":{\"@id\":\"https:\\\/\\\/www.cidademarketing.com.br\\\/marketing\\\/2019\\\/07\\\/26\\\/gramado-summit-recebe-visitantes-de-todo-brasil-e-expositores-internacionais\\\/#breadcrumb\"},\"inLanguage\":\"pt-BR\",\"potentialAction\":[{\"@type\":\"ReadAction\",\"target\":[\"https:\\\/\\\/www.cidademarketing.com.br\\\/marketing\\\/2019\\\/07\\\/26\\\/gramado-summit-recebe-visitantes-de-todo-brasil-e-expositores-internacionais\\\/\"]}]},{\"@type\":\"ImageObject\",\"inLanguage\":\"pt-BR\",\"@id\":\"https:\\\/\\\/www.cidademarketing.com.br\\\/marketing\\\/2019\\\/07\\\/26\\\/gramado-summit-recebe-visitantes-de-todo-brasil-e-expositores-internacionais\\\/#primaryimage\",\"url\":\"https:\\\/\\\/www.cidademarketing.com.br\\\/marketing\\\/wp-content\\\/uploads\\\/2019\\\/07\\\/cropped-gramado_summit_2019_.jpg\",\"contentUrl\":\"https:\\\/\\\/www.cidademarketing.com.br\\\/marketing\\\/wp-content\\\/uploads\\\/2019\\\/07\\\/cropped-gramado_summit_2019_.jpg\",\"width\":960,\"height\":540},{\"@type\":\"BreadcrumbList\",\"@id\":\"https:\\\/\\\/www.cidademarketing.com.br\\\/marketing\\\/2019\\\/07\\\/26\\\/gramado-summit-recebe-visitantes-de-todo-brasil-e-expositores-internacionais\\\/#breadcrumb\",\"itemListElement\":[{\"@type\":\"ListItem\",\"position\":1,\"name\":\"In\u00edcio\",\"item\":\"https:\\\/\\\/www.cidademarketing.com.br\\\/marketing\\\/\"},{\"@type\":\"ListItem\",\"position\":2,\"name\":\"Gramado Summit recebe visitantes de todo Brasil e expositores internacionais\"}]},{\"@type\":\"WebSite\",\"@id\":\"https:\\\/\\\/www.cidademarketing.com.br\\\/marketing\\\/#website\",\"url\":\"https:\\\/\\\/www.cidademarketing.com.br\\\/marketing\\\/\",\"name\":\"CidadeMarketing\",\"description\":\"Somos um ve\u00edculo de comunica\u00e7\u00e3o de destaque no Brasil, reconhecido por conte\u00fados nos segmentos de marketing, empreendedorismo e inova\u00e7\u00e3o.\",\"publisher\":{\"@id\":\"https:\\\/\\\/www.cidademarketing.com.br\\\/marketing\\\/#organization\"},\"alternateName\":\"CidadeMarketing\",\"potentialAction\":[{\"@type\":\"SearchAction\",\"target\":{\"@type\":\"EntryPoint\",\"urlTemplate\":\"https:\\\/\\\/www.cidademarketing.com.br\\\/marketing\\\/?s={search_term_string}\"},\"query-input\":{\"@type\":\"PropertyValueSpecification\",\"valueRequired\":true,\"valueName\":\"search_term_string\"}}],\"inLanguage\":\"pt-BR\"},{\"@type\":\"Organization\",\"@id\":\"https:\\\/\\\/www.cidademarketing.com.br\\\/marketing\\\/#organization\",\"name\":\"CidadeMarketing\",\"alternateName\":\"CidadeMarketing\",\"url\":\"https:\\\/\\\/www.cidademarketing.com.br\\\/marketing\\\/\",\"logo\":{\"@type\":\"ImageObject\",\"inLanguage\":\"pt-BR\",\"@id\":\"https:\\\/\\\/www.cidademarketing.com.br\\\/marketing\\\/#\\\/schema\\\/logo\\\/image\\\/\",\"url\":\"https:\\\/\\\/www.cidademarketing.com.br\\\/marketing\\\/wp-content\\\/uploads\\\/2020\\\/01\\\/cidademarketing_marca_mobile.png\",\"contentUrl\":\"https:\\\/\\\/www.cidademarketing.com.br\\\/marketing\\\/wp-content\\\/uploads\\\/2020\\\/01\\\/cidademarketing_marca_mobile.png\",\"width\":230,\"height\":92,\"caption\":\"CidadeMarketing\"},\"image\":{\"@id\":\"https:\\\/\\\/www.cidademarketing.com.br\\\/marketing\\\/#\\\/schema\\\/logo\\\/image\\\/\"},\"sameAs\":[\"https:\\\/\\\/www.facebook.com\\\/portalcidademarketing\",\"https:\\\/\\\/x.com\\\/CidadeMarketing\",\"https:\\\/\\\/www.instagram.com\\\/cidademarketing\\\/\"]},{\"@type\":\"Person\",\"@id\":\"https:\\\/\\\/www.cidademarketing.com.br\\\/marketing\\\/#\\\/schema\\\/person\\\/02daff9f18bd9378c9e01eb6b2db155f\",\"name\":\"Thales Brand\u00e3o\",\"image\":{\"@type\":\"ImageObject\",\"inLanguage\":\"pt-BR\",\"@id\":\"https:\\\/\\\/secure.gravatar.com\\\/avatar\\\/7ca3206950207cc3cb48feec56a8a7898741ab725c368d99d5d7a5a50aab80c6?s=96&d=mm&r=g\",\"url\":\"https:\\\/\\\/secure.gravatar.com\\\/avatar\\\/7ca3206950207cc3cb48feec56a8a7898741ab725c368d99d5d7a5a50aab80c6?s=96&d=mm&r=g\",\"contentUrl\":\"https:\\\/\\\/secure.gravatar.com\\\/avatar\\\/7ca3206950207cc3cb48feec56a8a7898741ab725c368d99d5d7a5a50aab80c6?s=96&d=mm&r=g\",\"caption\":\"Thales Brand\u00e3o\"},\"description\":\"Editor Executivo do Portal CidadeMarketing.com.br &gt; Mestre em Comunica\u00e7\u00e3o e Sociedade pela Universidade Federal de Sergipe. Possui MBA Executivo em Administra\u00e7\u00e3o com \u00eanfase em Marketing pela Funda\u00e7\u00e3o Get\u00falio Vargas - Rio de Janeiro. Consultor, Palestrante e Pesquisador sobre Empreendedorismo, Marketing, Redes Sociais e Neg\u00f3cios Digitais. Professor, Palestrante TedxTalks e Campus Party. Twitter: @ThalesBrandao\",\"sameAs\":[\"http:\\\/\\\/www.mandacaru.com.br\",\"https:\\\/\\\/www.facebook.com\\\/thalesbrandao\",\"http:\\\/\\\/www.instagram.com.br\\\/thalesbrandaoferreira\",\"https:\\\/\\\/www.linkedin.com\\\/in\\\/thales-brand\u00e3o-3948609\\\/\",\"https:\\\/\\\/x.com\\\/http:\\\/\\\/www.twitter.com\\\/thalesbrandao\"],\"url\":\"https:\\\/\\\/www.cidademarketing.com.br\\\/marketing\\\/author\\\/thalesbrandao\\\/\"}]}<\/script>\n<!-- \/ Yoast SEO plugin. -->","yoast_head_json":{"title":"Gramado Summit recebe visitantes de todo Brasil e expositores internacionais - CidadeMarketing","robots":{"index":"index","follow":"follow","max-snippet":"max-snippet:-1","max-image-preview":"max-image-preview:large","max-video-preview":"max-video-preview:-1"},"canonical":"https:\/\/www.cidademarketing.com.br\/marketing\/2019\/07\/26\/gramado-summit-recebe-visitantes-de-todo-brasil-e-expositores-internacionais\/","og_locale":"pt_BR","og_type":"article","og_title":"Gramado Summit recebe visitantes de todo Brasil e expositores internacionais - CidadeMarketing","og_description":"A terceira edi\u00e7\u00e3o da Gramado Summit est\u00e1 quase come\u00e7ando. Entre quarta-feira (31) e sexta-feira (2) da pr\u00f3xima semana, a inova\u00e7\u00e3o e a tecnologia ser\u00e3o impulsionadas com uma intensa programa\u00e7\u00e3o. Ao todo, ser\u00e3o tr\u00eas palcos de conte\u00fado, com mais de 120 palestrantes. Al\u00e9m disso, s\u00e3o esperados 4 mil empreendedores e investidores na feira de neg\u00f3cios.\u00a0 O [&hellip;]","og_url":"https:\/\/www.cidademarketing.com.br\/marketing\/2019\/07\/26\/gramado-summit-recebe-visitantes-de-todo-brasil-e-expositores-internacionais\/","og_site_name":"CidadeMarketing","article_publisher":"https:\/\/www.facebook.com\/portalcidademarketing","article_author":"https:\/\/www.facebook.com\/thalesbrandao","article_published_time":"2019-07-26T19:34:07+00:00","article_modified_time":"2019-07-26T19:34:09+00:00","og_image":[{"width":960,"height":540,"url":"https:\/\/www.cidademarketing.com.br\/marketing\/wp-content\/uploads\/2019\/07\/cropped-gramado_summit_2019_.jpg","type":"image\/jpeg"}],"author":"Thales Brand\u00e3o","twitter_card":"summary_large_image","twitter_creator":"@http:\/\/www.twitter.com\/thalesbrandao","twitter_site":"@CidadeMarketing","twitter_misc":{"Escrito por":"Thales Brand\u00e3o","Est. tempo de leitura":"2 minutos"},"schema":{"@context":"https:\/\/schema.org","@graph":[{"@type":"Article","@id":"https:\/\/www.cidademarketing.com.br\/marketing\/2019\/07\/26\/gramado-summit-recebe-visitantes-de-todo-brasil-e-expositores-internacionais\/#article","isPartOf":{"@id":"https:\/\/www.cidademarketing.com.br\/marketing\/2019\/07\/26\/gramado-summit-recebe-visitantes-de-todo-brasil-e-expositores-internacionais\/"},"author":{"name":"Thales Brand\u00e3o","@id":"https:\/\/www.cidademarketing.com.br\/marketing\/#\/schema\/person\/02daff9f18bd9378c9e01eb6b2db155f"},"headline":"Gramado Summit recebe visitantes de todo Brasil e expositores internacionais","datePublished":"2019-07-26T19:34:07+00:00","dateModified":"2019-07-26T19:34:09+00:00","mainEntityOfPage":{"@id":"https:\/\/www.cidademarketing.com.br\/marketing\/2019\/07\/26\/gramado-summit-recebe-visitantes-de-todo-brasil-e-expositores-internacionais\/"},"wordCount":462,"commentCount":0,"publisher":{"@id":"https:\/\/www.cidademarketing.com.br\/marketing\/#organization"},"image":{"@id":"https:\/\/www.cidademarketing.com.br\/marketing\/2019\/07\/26\/gramado-summit-recebe-visitantes-de-todo-brasil-e-expositores-internacionais\/#primaryimage"},"thumbnailUrl":"https:\/\/www.cidademarketing.com.br\/marketing\/wp-content\/uploads\/2019\/07\/cropped-gramado_summit_2019_.jpg","keywords":["evento","Gramado Summit","marketing","propaganda"],"articleSection":["Eventos"],"inLanguage":"pt-BR","potentialAction":[{"@type":"CommentAction","name":"Comment","target":["https:\/\/www.cidademarketing.com.br\/marketing\/2019\/07\/26\/gramado-summit-recebe-visitantes-de-todo-brasil-e-expositores-internacionais\/#respond"]}]},{"@type":"WebPage","@id":"https:\/\/www.cidademarketing.com.br\/marketing\/2019\/07\/26\/gramado-summit-recebe-visitantes-de-todo-brasil-e-expositores-internacionais\/","url":"https:\/\/www.cidademarketing.com.br\/marketing\/2019\/07\/26\/gramado-summit-recebe-visitantes-de-todo-brasil-e-expositores-internacionais\/","name":"Gramado Summit recebe visitantes de todo Brasil e expositores internacionais - CidadeMarketing","isPartOf":{"@id":"https:\/\/www.cidademarketing.com.br\/marketing\/#website"},"primaryImageOfPage":{"@id":"https:\/\/www.cidademarketing.com.br\/marketing\/2019\/07\/26\/gramado-summit-recebe-visitantes-de-todo-brasil-e-expositores-internacionais\/#primaryimage"},"image":{"@id":"https:\/\/www.cidademarketing.com.br\/marketing\/2019\/07\/26\/gramado-summit-recebe-visitantes-de-todo-brasil-e-expositores-internacionais\/#primaryimage"},"thumbnailUrl":"https:\/\/www.cidademarketing.com.br\/marketing\/wp-content\/uploads\/2019\/07\/cropped-gramado_summit_2019_.jpg","datePublished":"2019-07-26T19:34:07+00:00","dateModified":"2019-07-26T19:34:09+00:00","breadcrumb":{"@id":"https:\/\/www.cidademarketing.com.br\/marketing\/2019\/07\/26\/gramado-summit-recebe-visitantes-de-todo-brasil-e-expositores-internacionais\/#breadcrumb"},"inLanguage":"pt-BR","potentialAction":[{"@type":"ReadAction","target":["https:\/\/www.cidademarketing.com.br\/marketing\/2019\/07\/26\/gramado-summit-recebe-visitantes-de-todo-brasil-e-expositores-internacionais\/"]}]},{"@type":"ImageObject","inLanguage":"pt-BR","@id":"https:\/\/www.cidademarketing.com.br\/marketing\/2019\/07\/26\/gramado-summit-recebe-visitantes-de-todo-brasil-e-expositores-internacionais\/#primaryimage","url":"https:\/\/www.cidademarketing.com.br\/marketing\/wp-content\/uploads\/2019\/07\/cropped-gramado_summit_2019_.jpg","contentUrl":"https:\/\/www.cidademarketing.com.br\/marketing\/wp-content\/uploads\/2019\/07\/cropped-gramado_summit_2019_.jpg","width":960,"height":540},{"@type":"BreadcrumbList","@id":"https:\/\/www.cidademarketing.com.br\/marketing\/2019\/07\/26\/gramado-summit-recebe-visitantes-de-todo-brasil-e-expositores-internacionais\/#breadcrumb","itemListElement":[{"@type":"ListItem","position":1,"name":"In\u00edcio","item":"https:\/\/www.cidademarketing.com.br\/marketing\/"},{"@type":"ListItem","position":2,"name":"Gramado Summit recebe visitantes de todo Brasil e expositores internacionais"}]},{"@type":"WebSite","@id":"https:\/\/www.cidademarketing.com.br\/marketing\/#website","url":"https:\/\/www.cidademarketing.com.br\/marketing\/","name":"CidadeMarketing","description":"Somos um ve\u00edculo de comunica\u00e7\u00e3o de destaque no Brasil, reconhecido por conte\u00fados nos segmentos de marketing, empreendedorismo e inova\u00e7\u00e3o.","publisher":{"@id":"https:\/\/www.cidademarketing.com.br\/marketing\/#organization"},"alternateName":"CidadeMarketing","potentialAction":[{"@type":"SearchAction","target":{"@type":"EntryPoint","urlTemplate":"https:\/\/www.cidademarketing.com.br\/marketing\/?s={search_term_string}"},"query-input":{"@type":"PropertyValueSpecification","valueRequired":true,"valueName":"search_term_string"}}],"inLanguage":"pt-BR"},{"@type":"Organization","@id":"https:\/\/www.cidademarketing.com.br\/marketing\/#organization","name":"CidadeMarketing","alternateName":"CidadeMarketing","url":"https:\/\/www.cidademarketing.com.br\/marketing\/","logo":{"@type":"ImageObject","inLanguage":"pt-BR","@id":"https:\/\/www.cidademarketing.com.br\/marketing\/#\/schema\/logo\/image\/","url":"https:\/\/www.cidademarketing.com.br\/marketing\/wp-content\/uploads\/2020\/01\/cidademarketing_marca_mobile.png","contentUrl":"https:\/\/www.cidademarketing.com.br\/marketing\/wp-content\/uploads\/2020\/01\/cidademarketing_marca_mobile.png","width":230,"height":92,"caption":"CidadeMarketing"},"image":{"@id":"https:\/\/www.cidademarketing.com.br\/marketing\/#\/schema\/logo\/image\/"},"sameAs":["https:\/\/www.facebook.com\/portalcidademarketing","https:\/\/x.com\/CidadeMarketing","https:\/\/www.instagram.com\/cidademarketing\/"]},{"@type":"Person","@id":"https:\/\/www.cidademarketing.com.br\/marketing\/#\/schema\/person\/02daff9f18bd9378c9e01eb6b2db155f","name":"Thales Brand\u00e3o","image":{"@type":"ImageObject","inLanguage":"pt-BR","@id":"https:\/\/secure.gravatar.com\/avatar\/7ca3206950207cc3cb48feec56a8a7898741ab725c368d99d5d7a5a50aab80c6?s=96&d=mm&r=g","url":"https:\/\/secure.gravatar.com\/avatar\/7ca3206950207cc3cb48feec56a8a7898741ab725c368d99d5d7a5a50aab80c6?s=96&d=mm&r=g","contentUrl":"https:\/\/secure.gravatar.com\/avatar\/7ca3206950207cc3cb48feec56a8a7898741ab725c368d99d5d7a5a50aab80c6?s=96&d=mm&r=g","caption":"Thales Brand\u00e3o"},"description":"Editor Executivo do Portal CidadeMarketing.com.br &gt; Mestre em Comunica\u00e7\u00e3o e Sociedade pela Universidade Federal de Sergipe. Possui MBA Executivo em Administra\u00e7\u00e3o com \u00eanfase em Marketing pela Funda\u00e7\u00e3o Get\u00falio Vargas - Rio de Janeiro. Consultor, Palestrante e Pesquisador sobre Empreendedorismo, Marketing, Redes Sociais e Neg\u00f3cios Digitais. Professor, Palestrante TedxTalks e Campus Party. Twitter: @ThalesBrandao","sameAs":["http:\/\/www.mandacaru.com.br","https:\/\/www.facebook.com\/thalesbrandao","http:\/\/www.instagram.com.br\/thalesbrandaoferreira","https:\/\/www.linkedin.com\/in\/thales-brand\u00e3o-3948609\/","https:\/\/x.com\/http:\/\/www.twitter.com\/thalesbrandao"],"url":"https:\/\/www.cidademarketing.com.br\/marketing\/author\/thalesbrandao\/"}]}},"amp_enabled":true,"_links":{"self":[{"href":"https:\/\/www.cidademarketing.com.br\/marketing\/wp-json\/wp\/v2\/posts\/10344","targetHints":{"allow":["GET"]}}],"collection":[{"href":"https:\/\/www.cidademarketing.com.br\/marketing\/wp-json\/wp\/v2\/posts"}],"about":[{"href":"https:\/\/www.cidademarketing.com.br\/marketing\/wp-json\/wp\/v2\/types\/post"}],"author":[{"embeddable":true,"href":"https:\/\/www.cidademarketing.com.br\/marketing\/wp-json\/wp\/v2\/users\/1"}],"replies":[{"embeddable":true,"href":"https:\/\/www.cidademarketing.com.br\/marketing\/wp-json\/wp\/v2\/comments?post=10344"}],"version-history":[{"count":1,"href":"https:\/\/www.cidademarketing.com.br\/marketing\/wp-json\/wp\/v2\/posts\/10344\/revisions"}],"predecessor-version":[{"id":10347,"href":"https:\/\/www.cidademarketing.com.br\/marketing\/wp-json\/wp\/v2\/posts\/10344\/revisions\/10347"}],"wp:featuredmedia":[{"embeddable":true,"href":"https:\/\/www.cidademarketing.com.br\/marketing\/wp-json\/wp\/v2\/media\/10346"}],"wp:attachment":[{"href":"https:\/\/www.cidademarketing.com.br\/marketing\/wp-json\/wp\/v2\/media?parent=10344"}],"wp:term":[{"taxonomy":"category","embeddable":true,"href":"https:\/\/www.cidademarketing.com.br\/marketing\/wp-json\/wp\/v2\/categories?post=10344"},{"taxonomy":"post_tag","embeddable":true,"href":"https:\/\/www.cidademarketing.com.br\/marketing\/wp-json\/wp\/v2\/tags?post=10344"}],"curies":[{"name":"wp","href":"https:\/\/api.w.org\/{rel}","templated":true}]}}