{"id":10317,"date":"2019-07-25T20:43:48","date_gmt":"2019-07-25T16:43:48","guid":{"rendered":"https:\/\/www.cidademarketing.com.br\/marketing\/?p=10317"},"modified":"2019-07-27T04:57:26","modified_gmt":"2019-07-27T00:57:26","slug":"marina-ruy-barbosa-loira-no-teaser-da-nova-campanha-da-renault","status":"publish","type":"post","link":"https:\/\/www.cidademarketing.com.br\/marketing\/2019\/07\/25\/marina-ruy-barbosa-loira-no-teaser-da-nova-campanha-da-renault\/","title":{"rendered":"Marina Ruy Barbosa loira no teaser da nova campanha da Renault"},"content":{"rendered":"\n<p>A\nRenault passa por um importante movimento, crescendo de forma cont\u00ednua no\nmercado brasileiro desde 2010. No ano passado, a marca alcan\u00e7ou&nbsp;8,70% de PDM, virando a 5\u00aa no Pa\u00eds (era a 7\u00aa em 2017).\nNeste primeiro semestre acumulado, com 9,1%, a Renault assumiu o in\u00e9dito&nbsp;\n4\u00ba lugar em market share entre as montadoras, um recorde hist\u00f3rico, e est\u00e1 trabalhando\ncom for\u00e7a para consolidar essa posi\u00e7\u00e3o no segundo semestre. Para isso, aposta\nem novas campanhas simult\u00e2neas focadas nos lan\u00e7amentos dos novos\nStepway, Sandero e Logan, com importantes evolu\u00e7\u00f5es de design, seguran\u00e7a e\nconforto. Desenvolvidas pela DPZ&amp;T, a primeira delas ir\u00e1 ao ar nesta sexta\n(26), centrada no novo Stepway, com a embaixadora da marca, Marina Ruy Barbosa,\nno papel de uma agente secreta e surgindo loira pela primeira vez em sua\ncarreira.<\/p>\n\n\n\n<p>\u201cO Brasil j\u00e1 \u00e9 o quarto pa\u00eds para a Renault e \u00e9 o que\nmais cresce para a marca em todo o mundo.&nbsp;O mercado brasileiro\ncresceu 10% no primeiro semestre deste ano e a Renault chegou a 20%.&nbsp;A\ncurva segue ascendente, a parceria com a DPZ&amp;T foi um pilar fundamental\npara isso e confiamos tanto no Brasil que seguimos investindo&nbsp;e lan\u00e7ando\nprodutos inovadores para facilitar a vida dos clientes. \u00c9 um momento muito\nimportante para a Renault no pa\u00eds e vamos continuar crescendo com os\nlan\u00e7amentos simult\u00e2neos dos novos Stepway, Sandero, e Logan.\u201d, afirma Federico\nGoyret,&nbsp;diretor de marketing da Renault do Brasil.<\/p>\n\n\n\n<p><br>\nO Stepway passa por um reposicionamento\nde categoria e o modelo 2020 ser\u00e1 lan\u00e7ado com o conceito \u201cO SUV \u00e0 altura da sua\naventura\u201d. O carro apresenta um novo design, trazendo a assinatura global da\nmarca, com C\u201d shape led na dianteira, assinatura alongada na traseira, tamb\u00e9m\nem led. Outro destaque no design exterior s\u00e3o as rodas 16\u201d diamantadas. O\ninterior traz novo volante com design mais moderno e esportivo, e novos bancos\nmais ergon\u00f4micos e confort\u00e1veis, al\u00e9m do novo Media Evolution com espelhamento\nde Android Auto e Apple Carplay. Outra novidade, presente nos 3 produtos da\ngama, \u00e9 o c\u00e2mbio CVT X-Tronic, dispon\u00edvel para as vers\u00f5es com motor 1.6 SCe,\ncom acelera\u00e7\u00e3o suave e continua, e os 4 air bags que j\u00e1 v\u00eam de s\u00e9rie para todas\nas vers\u00f5es. Tamb\u00e9m no quesito seguran\u00e7a, as vers\u00f5es com c\u00e2mbio CVT X-Tronic\ncontam com controle eletr\u00f4nico de estabilidade e assistente de partida em\nrampas.<\/p>\n\n\n\n<p>Para apresentar o novo Renault Stepway, Marina Ruy Barbosa surgiu loira em suas redes sociais criando expectativa em seus seguidores. A revela\u00e7\u00e3o veio posteriormente com um\u00a0<strong>teaser<\/strong>\u00a0do filme principal dizendo \u201cQual \u00e9 a altura da sua aventura?\u201d. Na superprodu\u00e7\u00e3o que estreia nesta sexta (26), Marina interpreta a agente secreta Nikka, que se infiltra numa festa e participa de uma arriscada aposta em um jogo de p\u00f4quer com um magnata russo. A tens\u00e3o leva \u00e0 uma cena de a\u00e7\u00e3o fren\u00e9tica que demonstra toda a performance do Renault Stepway. Com produ\u00e7\u00e3o da Saigon e dire\u00e7\u00e3o de Vellas, o filme foi rodado em Botafogo e Petr\u00f3polis, no Rio de Janeiro, com trilha sonora criada pela Lucha Libre. <\/p>\n\n\n\n<p>\u201cA campanha de Stepway \u00e9 mais uma aposta que\nfazemos na publicidade com linguagem de entretenimento. Depois de <em>Hulk<\/em>\npara Kwid, <em>Sereia<\/em> para Captur, e <em>Caverna do Drag\u00e3o<\/em> para Kwid\nOutsider, o novo Stepway ganha um filme de a\u00e7\u00e3o protagonizado por uma agente\nsecreta infiltrada, interpretada por uma Marina Ruy Barbosa quase\nirreconhec\u00edvel. Ela deve capturar as digitais de um magnata russo e as consegue\ngra\u00e7as \u00e0 sua esperteza, habilidade, sex appeal e \u00e0 chave do carro. Enquanto a\nmaioria dos concorrentes no segmento <em>cross<\/em> retrata&nbsp;o escapismo com\nprodu\u00e7\u00f5es na montanha e na praia, exploramos um conceito original de aventura,\ninspirado no cinema de espionagem, como <em>007<\/em>,&nbsp;<em>Sr. e Sra. Smith<\/em>&nbsp;e&nbsp;<em>At\u00f4mica.\n<\/em>Essa escolha gerou um filme com alto valor de produ\u00e7\u00e3o para a marca e\nfavoreceu o produto com cenas radicais de performance para retratar seus\nprincipais atributos\u201d, comenta Fabio Mozeli, diretor de cria\u00e7\u00e3o da DPZ&amp;T.<\/p>\n\n\n\n<p>Ainda sobre Stepway, a a\u00e7\u00e3o de comunica\u00e7\u00e3o conta\ncom mais cinco filmes digitais sobre os features do carro, al\u00e9m de materiais de\nsocial e PDV. J\u00e1 as campanhas de Sandero e Logan entram no ar nas pr\u00f3ximas\nsemanas.<\/p>\n\n\n\n<p>No dia 2 de agosto, estreia a comunica\u00e7\u00e3o do\nSandero focando no carro que tem o que o consumidor precisa. O filme que estar\u00e1\nna TV e nos canais oficiais da Renault destaca que o mundo n\u00e3o \u00e9 feito\nsomente das nossas escolhas. Mas o novo Sandero \u00e9. A trilha \u00e9 inspirada em <em>Carmen<\/em>,\na \u00f3pera de Georges Bizet. H\u00e1 ainda filmes sobre os features\ndo carro exclusivamente desenvolvidos para o ambiente digital, incluindo o novo Media Evolution com espelhamento de\nsmarthphone.<\/p>\n\n\n\n<p>J\u00e1 no dia 8 de agosto \u00e9 a vez da campanha 100% digital do novo Logan. Com muito bom humor e centrada em conforto, cinco filmes se contam em diferentes perfis de fam\u00edlias e detalham os atributos do carro, como porta-malas, espa\u00e7o interno, airbags, c\u00e2mbio CVT e Media Evolution.<\/p>\n\n\n\n<figure class=\"wp-block-embed-youtube wp-block-embed is-type-video is-provider-youtube wp-embed-aspect-16-9 wp-has-aspect-ratio\"><div class=\"wp-block-embed__wrapper\">\nhttps:\/\/www.youtube.com\/watch?v=ZdtDDkHnYn8&#038;feature=youtu.be\n<\/div><\/figure>\n\n\n\n<p><br>\nFICHA T\u00c9CNICA<\/p>\n\n\n\n<p><strong>Filme:\n<\/strong>Aposta<\/p>\n\n\n\n<p><strong>Dire\u00e7\u00e3o\nGeral de Cria\u00e7\u00e3o:<\/strong>&nbsp;Rafael\nUrenha<\/p>\n\n\n\n<p><strong>Dire\u00e7\u00e3o\nExecutiva de Cria\u00e7\u00e3o:&nbsp;<\/strong>Carlos Schleder<\/p>\n\n\n\n<p><strong>Dire\u00e7\u00e3o\nde Cria\u00e7\u00e3o:<\/strong>&nbsp;Fabio&nbsp;Mozeli<\/p>\n\n\n\n<p><strong>Cria\u00e7\u00e3o:<\/strong>&nbsp;Leandro Dolfini, Fernando\nSa\u00fa<\/p>\n\n\n\n<p><strong>Cria\u00e7\u00e3o\nFilmes Digitais:<\/strong>\nFernando Sa\u00fa, Fabio Mozeli, Leandro Dolfini<\/p>\n\n\n\n<p><strong>Supervis\u00e3o\nde Cria\u00e7\u00e3o Social &amp; Digital:<\/strong>&nbsp;Danilo Dualiby<\/p>\n\n\n\n<p><strong>Cria\u00e7\u00e3o\nSocial &amp; Digital:<\/strong>&nbsp;GabrielJorge Rosa, Juliana Moreira<\/p>\n\n\n\n<p><strong>RTVC:<\/strong> Ducha Lopes, Paula Alimonda,\nVanessa Nascimento, Adriano Gomes, Heitor Mendes e Ana Paula Ananias<\/p>\n\n\n\n<p><strong>Atendimento:&nbsp;<\/strong>Fabio Losso, Daniela Maldonado,\nSimone Bastos, Gabriela Silva e Bruna S\u00e1<\/p>\n\n\n\n<p><strong>Planejamento<\/strong>: Fernando Diniz, Alexandre\nKnebel, Thamara Araujo, Bruna Delbosque e Marcelo Bergonzoni<\/p>\n\n\n\n<p><strong>M\u00eddia:\n<\/strong>Paulo Ilha,\nPatr\u00edcia Alves, Felipe Proen\u00e7a, C\u00e9sar Nery, Guilherme Lucas, Camila Salem,\nGustavo Pinto, Tain\u00e1 Rosa, Samuel Gregio, Camila Silva, Gustavo Alberto e\nFernando de S\u00e1<\/p>\n\n\n\n<p><strong>VivaSix:\n<\/strong>Fernando\nCipriano, Matheus Campos, Wanderson Rosa, Thais Souza, Juliana Fernandez, Luiz\nAlbertho e Kemilly Rente<\/p>\n\n\n\n<p><strong>B.I.:\n<\/strong>Marcelo\nAzevedo, Carmen Prado, Pedro Lucio e Maria Troiano<\/p>\n\n\n\n<p><strong>Projetos:&nbsp;<\/strong>Marcos Yamamura, Michele Almeida\ne Fernando Varella<br>\n<strong>Conte\u00fado:<\/strong> Adriana Blanco e Mila Alves<\/p>\n\n\n\n<p><strong>ArtBuyer<\/strong>: Marcos Moura e Sonia Santos<\/p>\n\n\n\n<p><strong>Fot\u00f3grafo\n(fotos da Marina para KV Campanha)<\/strong>: Fabio Bartelt (Monster Movie N&#8217; Photo<\/p>\n\n\n\n<p><strong>Fot\u00f3grafos\n(fotos da Marina para internet)<\/strong>: Mar+Vin&nbsp;(SDMGMT)<\/p>\n\n\n\n<p><strong>P\u00f3s-produ\u00e7\u00e3o\ne ilustra\u00e7\u00e3o 3D<\/strong>:\nStudio Boreal<\/p>\n\n\n\n<p><strong>Produ\u00e7\u00e3o\nGr\u00e1fica<\/strong>: Durval\nBrum<\/p>\n\n\n\n<p><strong>Aprova\u00e7\u00e3o\nCliente:<\/strong>\nFederico Goyret, Livia Kinoshita, Elisa Salgado e Matheus Trigo<\/p>\n\n\n\n<p><strong>Produtora:<\/strong>&nbsp;Saigon&nbsp;<br>\n<strong>Dire\u00e7\u00e3o de Cena:<\/strong>&nbsp;Vellas&nbsp;<br>\n<strong>Produtor Executivo:<\/strong>&nbsp;Marcelo&nbsp;Altschuler<\/p>\n\n\n\n<p><strong>Atendimento:<\/strong>&nbsp;Fernanda Gomes, Jin Park, Tais Sanches <\/p>\n\n\n\n<p><strong>Coordena\u00e7\u00e3o de produ\u00e7\u00e3o<\/strong>: Carol\nPessini, Marina Blum, Gabriela Mangieri, Nat\u00e1lia Cardoso <br>\n<strong>Diretor de Fotografia<\/strong>: Agustin Claramunt <\/p>\n\n\n\n<p><strong>Diretor de Arte de Cena:<\/strong> Guilherme\nMarini <\/p>\n\n\n\n<p><strong>1\u00ba Assistente de Dire\u00e7\u00e3o<\/strong>: Flavio\nLanfredi<\/p>\n\n\n\n<p><strong>2\u00ba Assistente de Dire\u00e7\u00e3o<\/strong>: Luciana\nCamargo <\/p>\n\n\n\n<p><strong>Figurinista:<\/strong> Giovanna Moretto, Patricia\nZuffa <\/p>\n\n\n\n<p><strong>Coordenadora de P\u00f3s Produ\u00e7\u00e3o<\/strong>: Virgini\nFares, Nat\u00e1lia Herrera<br>\n<strong>Montador<\/strong>: Rami D\u2019aguiar <br>\n<strong>Finalizador:<\/strong> Fabio Abreu<br>\n<strong>Finaliza\u00e7\u00e3o:<\/strong> Equipe Saigon <\/p>\n\n\n\n<p><strong>Corre\u00e7\u00e3o de cor:<\/strong> Bleach<br>\n<strong>Finalizadora:<\/strong> Nash<\/p>\n\n\n\n<p><strong><br>\nDigital<\/strong><\/p>\n\n\n\n<p><strong>Dire\u00e7\u00e3o\nde Cena:<\/strong>&nbsp;Lumo&nbsp;(Luis\nVillaverde + Moira Soares)<\/p>\n\n\n\n<p><strong>Diretor de Fotografia:<\/strong> Cris\nConcei\u00e7\u00e3o <\/p>\n\n\n\n<p><strong>Assistente de Dire\u00e7\u00e3o<\/strong>: Paula Lima<\/p>\n\n\n\n<p><strong>Produtora\nde Som:<\/strong> Lucha\nLibre audio<\/p>\n\n\n\n<p><strong>Atendimento\nProdutora de Som:<\/strong>\nVanessa Raad \/ Dani Celer<\/p>\n\n\n\n<p><strong>Produtor\nMusical:<\/strong>\nPaulinho Corcione&nbsp;<\/p>\n\n\n\n<p><strong>Produ\u00e7\u00e3o\n\/ sound design e finaliza\u00e7\u00e3o:<\/strong>&nbsp; Equipe Lucha Libre&nbsp;<\/p>\n\n\n\n<p><\/p>\n\n\n\n<p><\/p>\n","protected":false},"excerpt":{"rendered":"<p>A Renault passa por um importante movimento, crescendo de forma cont\u00ednua no mercado brasileiro desde 2010. No ano passado, a marca alcan\u00e7ou&nbsp;8,70% de PDM, virando a 5\u00aa no Pa\u00eds (era a 7\u00aa em 2017). Neste primeiro semestre acumulado, com 9,1%, a Renault assumiu o in\u00e9dito&nbsp; 4\u00ba lugar em market share entre as montadoras, um recorde [&hellip;]<\/p>\n","protected":false},"author":1,"featured_media":10318,"comment_status":"open","ping_status":"open","sticky":false,"template":"","format":"standard","meta":{"tdm_status":"","tdm_grid_status":"","footnotes":""},"categories":[14],"tags":[65,2172,28],"class_list":["post-10317","post","type-post","status-publish","format-standard","has-post-thumbnail","hentry","category-videos","tag-campanha","tag-marina-ruy-barbosa","tag-marketing"],"yoast_head":"<!-- This site is optimized with the Yoast SEO plugin v27.5 - https:\/\/yoast.com\/product\/yoast-seo-wordpress\/ -->\n<title>Marina Ruy Barbosa loira no teaser da nova campanha da Renault - CidadeMarketing<\/title>\n<meta name=\"robots\" content=\"index, follow, max-snippet:-1, max-image-preview:large, max-video-preview:-1\" \/>\n<link rel=\"canonical\" href=\"https:\/\/www.cidademarketing.com.br\/marketing\/2019\/07\/25\/marina-ruy-barbosa-loira-no-teaser-da-nova-campanha-da-renault\/\" \/>\n<meta property=\"og:locale\" content=\"pt_BR\" \/>\n<meta property=\"og:type\" content=\"article\" \/>\n<meta property=\"og:title\" content=\"Marina Ruy Barbosa loira no teaser da nova campanha da Renault - CidadeMarketing\" \/>\n<meta property=\"og:description\" content=\"A Renault passa por um importante movimento, crescendo de forma cont\u00ednua no mercado brasileiro desde 2010. No ano passado, a marca alcan\u00e7ou&nbsp;8,70% de PDM, virando a 5\u00aa no Pa\u00eds (era a 7\u00aa em 2017). Neste primeiro semestre acumulado, com 9,1%, a Renault assumiu o in\u00e9dito&nbsp; 4\u00ba lugar em market share entre as montadoras, um recorde [&hellip;]\" \/>\n<meta property=\"og:url\" content=\"https:\/\/www.cidademarketing.com.br\/marketing\/2019\/07\/25\/marina-ruy-barbosa-loira-no-teaser-da-nova-campanha-da-renault\/\" \/>\n<meta property=\"og:site_name\" content=\"CidadeMarketing\" \/>\n<meta property=\"article:publisher\" content=\"https:\/\/www.facebook.com\/portalcidademarketing\" \/>\n<meta property=\"article:author\" content=\"https:\/\/www.facebook.com\/thalesbrandao\" \/>\n<meta property=\"article:published_time\" content=\"2019-07-25T16:43:48+00:00\" \/>\n<meta property=\"article:modified_time\" content=\"2019-07-27T00:57:26+00:00\" \/>\n<meta property=\"og:image\" content=\"https:\/\/www.cidademarketing.com.br\/marketing\/wp-content\/uploads\/2019\/07\/marina_renault.jpeg\" \/>\n\t<meta property=\"og:image:width\" content=\"862\" \/>\n\t<meta property=\"og:image:height\" content=\"1280\" \/>\n\t<meta property=\"og:image:type\" content=\"image\/jpeg\" \/>\n<meta name=\"author\" content=\"Thales Brand\u00e3o\" \/>\n<meta name=\"twitter:card\" content=\"summary_large_image\" \/>\n<meta name=\"twitter:creator\" content=\"@http:\/\/www.twitter.com\/thalesbrandao\" \/>\n<meta name=\"twitter:site\" content=\"@CidadeMarketing\" \/>\n<meta name=\"twitter:label1\" content=\"Escrito por\" \/>\n\t<meta name=\"twitter:data1\" content=\"Thales Brand\u00e3o\" \/>\n\t<meta name=\"twitter:label2\" content=\"Est. tempo de leitura\" \/>\n\t<meta name=\"twitter:data2\" content=\"6 minutos\" \/>\n<script type=\"application\/ld+json\" class=\"yoast-schema-graph\">{\"@context\":\"https:\\\/\\\/schema.org\",\"@graph\":[{\"@type\":\"Article\",\"@id\":\"https:\\\/\\\/www.cidademarketing.com.br\\\/marketing\\\/2019\\\/07\\\/25\\\/marina-ruy-barbosa-loira-no-teaser-da-nova-campanha-da-renault\\\/#article\",\"isPartOf\":{\"@id\":\"https:\\\/\\\/www.cidademarketing.com.br\\\/marketing\\\/2019\\\/07\\\/25\\\/marina-ruy-barbosa-loira-no-teaser-da-nova-campanha-da-renault\\\/\"},\"author\":{\"name\":\"Thales Brand\u00e3o\",\"@id\":\"https:\\\/\\\/www.cidademarketing.com.br\\\/marketing\\\/#\\\/schema\\\/person\\\/02daff9f18bd9378c9e01eb6b2db155f\"},\"headline\":\"Marina Ruy Barbosa loira no teaser da nova campanha da Renault\",\"datePublished\":\"2019-07-25T16:43:48+00:00\",\"dateModified\":\"2019-07-27T00:57:26+00:00\",\"mainEntityOfPage\":{\"@id\":\"https:\\\/\\\/www.cidademarketing.com.br\\\/marketing\\\/2019\\\/07\\\/25\\\/marina-ruy-barbosa-loira-no-teaser-da-nova-campanha-da-renault\\\/\"},\"wordCount\":1281,\"commentCount\":0,\"publisher\":{\"@id\":\"https:\\\/\\\/www.cidademarketing.com.br\\\/marketing\\\/#organization\"},\"image\":{\"@id\":\"https:\\\/\\\/www.cidademarketing.com.br\\\/marketing\\\/2019\\\/07\\\/25\\\/marina-ruy-barbosa-loira-no-teaser-da-nova-campanha-da-renault\\\/#primaryimage\"},\"thumbnailUrl\":\"https:\\\/\\\/www.cidademarketing.com.br\\\/marketing\\\/wp-content\\\/uploads\\\/2019\\\/07\\\/marina_renault.jpeg\",\"keywords\":[\"campanha\",\"Marina Ruy Barbosa\",\"marketing\"],\"articleSection\":[\"Videos\"],\"inLanguage\":\"pt-BR\",\"potentialAction\":[{\"@type\":\"CommentAction\",\"name\":\"Comment\",\"target\":[\"https:\\\/\\\/www.cidademarketing.com.br\\\/marketing\\\/2019\\\/07\\\/25\\\/marina-ruy-barbosa-loira-no-teaser-da-nova-campanha-da-renault\\\/#respond\"]}]},{\"@type\":\"WebPage\",\"@id\":\"https:\\\/\\\/www.cidademarketing.com.br\\\/marketing\\\/2019\\\/07\\\/25\\\/marina-ruy-barbosa-loira-no-teaser-da-nova-campanha-da-renault\\\/\",\"url\":\"https:\\\/\\\/www.cidademarketing.com.br\\\/marketing\\\/2019\\\/07\\\/25\\\/marina-ruy-barbosa-loira-no-teaser-da-nova-campanha-da-renault\\\/\",\"name\":\"Marina Ruy Barbosa loira no teaser da nova campanha da Renault - CidadeMarketing\",\"isPartOf\":{\"@id\":\"https:\\\/\\\/www.cidademarketing.com.br\\\/marketing\\\/#website\"},\"primaryImageOfPage\":{\"@id\":\"https:\\\/\\\/www.cidademarketing.com.br\\\/marketing\\\/2019\\\/07\\\/25\\\/marina-ruy-barbosa-loira-no-teaser-da-nova-campanha-da-renault\\\/#primaryimage\"},\"image\":{\"@id\":\"https:\\\/\\\/www.cidademarketing.com.br\\\/marketing\\\/2019\\\/07\\\/25\\\/marina-ruy-barbosa-loira-no-teaser-da-nova-campanha-da-renault\\\/#primaryimage\"},\"thumbnailUrl\":\"https:\\\/\\\/www.cidademarketing.com.br\\\/marketing\\\/wp-content\\\/uploads\\\/2019\\\/07\\\/marina_renault.jpeg\",\"datePublished\":\"2019-07-25T16:43:48+00:00\",\"dateModified\":\"2019-07-27T00:57:26+00:00\",\"breadcrumb\":{\"@id\":\"https:\\\/\\\/www.cidademarketing.com.br\\\/marketing\\\/2019\\\/07\\\/25\\\/marina-ruy-barbosa-loira-no-teaser-da-nova-campanha-da-renault\\\/#breadcrumb\"},\"inLanguage\":\"pt-BR\",\"potentialAction\":[{\"@type\":\"ReadAction\",\"target\":[\"https:\\\/\\\/www.cidademarketing.com.br\\\/marketing\\\/2019\\\/07\\\/25\\\/marina-ruy-barbosa-loira-no-teaser-da-nova-campanha-da-renault\\\/\"]}]},{\"@type\":\"ImageObject\",\"inLanguage\":\"pt-BR\",\"@id\":\"https:\\\/\\\/www.cidademarketing.com.br\\\/marketing\\\/2019\\\/07\\\/25\\\/marina-ruy-barbosa-loira-no-teaser-da-nova-campanha-da-renault\\\/#primaryimage\",\"url\":\"https:\\\/\\\/www.cidademarketing.com.br\\\/marketing\\\/wp-content\\\/uploads\\\/2019\\\/07\\\/marina_renault.jpeg\",\"contentUrl\":\"https:\\\/\\\/www.cidademarketing.com.br\\\/marketing\\\/wp-content\\\/uploads\\\/2019\\\/07\\\/marina_renault.jpeg\",\"width\":862,\"height\":1280,\"caption\":\"Divulga\u00e7\u00e3o\"},{\"@type\":\"BreadcrumbList\",\"@id\":\"https:\\\/\\\/www.cidademarketing.com.br\\\/marketing\\\/2019\\\/07\\\/25\\\/marina-ruy-barbosa-loira-no-teaser-da-nova-campanha-da-renault\\\/#breadcrumb\",\"itemListElement\":[{\"@type\":\"ListItem\",\"position\":1,\"name\":\"In\u00edcio\",\"item\":\"https:\\\/\\\/www.cidademarketing.com.br\\\/marketing\\\/\"},{\"@type\":\"ListItem\",\"position\":2,\"name\":\"Marina Ruy Barbosa loira no teaser da nova campanha da Renault\"}]},{\"@type\":\"WebSite\",\"@id\":\"https:\\\/\\\/www.cidademarketing.com.br\\\/marketing\\\/#website\",\"url\":\"https:\\\/\\\/www.cidademarketing.com.br\\\/marketing\\\/\",\"name\":\"CidadeMarketing\",\"description\":\"Somos um ve\u00edculo de comunica\u00e7\u00e3o de destaque no Brasil, reconhecido por conte\u00fados nos segmentos de marketing, empreendedorismo e inova\u00e7\u00e3o.\",\"publisher\":{\"@id\":\"https:\\\/\\\/www.cidademarketing.com.br\\\/marketing\\\/#organization\"},\"alternateName\":\"CidadeMarketing\",\"potentialAction\":[{\"@type\":\"SearchAction\",\"target\":{\"@type\":\"EntryPoint\",\"urlTemplate\":\"https:\\\/\\\/www.cidademarketing.com.br\\\/marketing\\\/?s={search_term_string}\"},\"query-input\":{\"@type\":\"PropertyValueSpecification\",\"valueRequired\":true,\"valueName\":\"search_term_string\"}}],\"inLanguage\":\"pt-BR\"},{\"@type\":\"Organization\",\"@id\":\"https:\\\/\\\/www.cidademarketing.com.br\\\/marketing\\\/#organization\",\"name\":\"CidadeMarketing\",\"alternateName\":\"CidadeMarketing\",\"url\":\"https:\\\/\\\/www.cidademarketing.com.br\\\/marketing\\\/\",\"logo\":{\"@type\":\"ImageObject\",\"inLanguage\":\"pt-BR\",\"@id\":\"https:\\\/\\\/www.cidademarketing.com.br\\\/marketing\\\/#\\\/schema\\\/logo\\\/image\\\/\",\"url\":\"https:\\\/\\\/www.cidademarketing.com.br\\\/marketing\\\/wp-content\\\/uploads\\\/2020\\\/01\\\/cidademarketing_marca_mobile.png\",\"contentUrl\":\"https:\\\/\\\/www.cidademarketing.com.br\\\/marketing\\\/wp-content\\\/uploads\\\/2020\\\/01\\\/cidademarketing_marca_mobile.png\",\"width\":230,\"height\":92,\"caption\":\"CidadeMarketing\"},\"image\":{\"@id\":\"https:\\\/\\\/www.cidademarketing.com.br\\\/marketing\\\/#\\\/schema\\\/logo\\\/image\\\/\"},\"sameAs\":[\"https:\\\/\\\/www.facebook.com\\\/portalcidademarketing\",\"https:\\\/\\\/x.com\\\/CidadeMarketing\",\"https:\\\/\\\/www.instagram.com\\\/cidademarketing\\\/\"]},{\"@type\":\"Person\",\"@id\":\"https:\\\/\\\/www.cidademarketing.com.br\\\/marketing\\\/#\\\/schema\\\/person\\\/02daff9f18bd9378c9e01eb6b2db155f\",\"name\":\"Thales Brand\u00e3o\",\"image\":{\"@type\":\"ImageObject\",\"inLanguage\":\"pt-BR\",\"@id\":\"https:\\\/\\\/secure.gravatar.com\\\/avatar\\\/7ca3206950207cc3cb48feec56a8a7898741ab725c368d99d5d7a5a50aab80c6?s=96&d=mm&r=g\",\"url\":\"https:\\\/\\\/secure.gravatar.com\\\/avatar\\\/7ca3206950207cc3cb48feec56a8a7898741ab725c368d99d5d7a5a50aab80c6?s=96&d=mm&r=g\",\"contentUrl\":\"https:\\\/\\\/secure.gravatar.com\\\/avatar\\\/7ca3206950207cc3cb48feec56a8a7898741ab725c368d99d5d7a5a50aab80c6?s=96&d=mm&r=g\",\"caption\":\"Thales Brand\u00e3o\"},\"description\":\"Editor Executivo do Portal CidadeMarketing.com.br &gt; Mestre em Comunica\u00e7\u00e3o e Sociedade pela Universidade Federal de Sergipe. Possui MBA Executivo em Administra\u00e7\u00e3o com \u00eanfase em Marketing pela Funda\u00e7\u00e3o Get\u00falio Vargas - Rio de Janeiro. Consultor, Palestrante e Pesquisador sobre Empreendedorismo, Marketing, Redes Sociais e Neg\u00f3cios Digitais. Professor, Palestrante TedxTalks e Campus Party. Twitter: @ThalesBrandao\",\"sameAs\":[\"http:\\\/\\\/www.mandacaru.com.br\",\"https:\\\/\\\/www.facebook.com\\\/thalesbrandao\",\"http:\\\/\\\/www.instagram.com.br\\\/thalesbrandaoferreira\",\"https:\\\/\\\/www.linkedin.com\\\/in\\\/thales-brand\u00e3o-3948609\\\/\",\"https:\\\/\\\/x.com\\\/http:\\\/\\\/www.twitter.com\\\/thalesbrandao\"],\"url\":\"https:\\\/\\\/www.cidademarketing.com.br\\\/marketing\\\/author\\\/thalesbrandao\\\/\"}]}<\/script>\n<!-- \/ Yoast SEO plugin. -->","yoast_head_json":{"title":"Marina Ruy Barbosa loira no teaser da nova campanha da Renault - CidadeMarketing","robots":{"index":"index","follow":"follow","max-snippet":"max-snippet:-1","max-image-preview":"max-image-preview:large","max-video-preview":"max-video-preview:-1"},"canonical":"https:\/\/www.cidademarketing.com.br\/marketing\/2019\/07\/25\/marina-ruy-barbosa-loira-no-teaser-da-nova-campanha-da-renault\/","og_locale":"pt_BR","og_type":"article","og_title":"Marina Ruy Barbosa loira no teaser da nova campanha da Renault - CidadeMarketing","og_description":"A Renault passa por um importante movimento, crescendo de forma cont\u00ednua no mercado brasileiro desde 2010. No ano passado, a marca alcan\u00e7ou&nbsp;8,70% de PDM, virando a 5\u00aa no Pa\u00eds (era a 7\u00aa em 2017). Neste primeiro semestre acumulado, com 9,1%, a Renault assumiu o in\u00e9dito&nbsp; 4\u00ba lugar em market share entre as montadoras, um recorde [&hellip;]","og_url":"https:\/\/www.cidademarketing.com.br\/marketing\/2019\/07\/25\/marina-ruy-barbosa-loira-no-teaser-da-nova-campanha-da-renault\/","og_site_name":"CidadeMarketing","article_publisher":"https:\/\/www.facebook.com\/portalcidademarketing","article_author":"https:\/\/www.facebook.com\/thalesbrandao","article_published_time":"2019-07-25T16:43:48+00:00","article_modified_time":"2019-07-27T00:57:26+00:00","og_image":[{"width":862,"height":1280,"url":"https:\/\/www.cidademarketing.com.br\/marketing\/wp-content\/uploads\/2019\/07\/marina_renault.jpeg","type":"image\/jpeg"}],"author":"Thales Brand\u00e3o","twitter_card":"summary_large_image","twitter_creator":"@http:\/\/www.twitter.com\/thalesbrandao","twitter_site":"@CidadeMarketing","twitter_misc":{"Escrito por":"Thales Brand\u00e3o","Est. tempo de leitura":"6 minutos"},"schema":{"@context":"https:\/\/schema.org","@graph":[{"@type":"Article","@id":"https:\/\/www.cidademarketing.com.br\/marketing\/2019\/07\/25\/marina-ruy-barbosa-loira-no-teaser-da-nova-campanha-da-renault\/#article","isPartOf":{"@id":"https:\/\/www.cidademarketing.com.br\/marketing\/2019\/07\/25\/marina-ruy-barbosa-loira-no-teaser-da-nova-campanha-da-renault\/"},"author":{"name":"Thales Brand\u00e3o","@id":"https:\/\/www.cidademarketing.com.br\/marketing\/#\/schema\/person\/02daff9f18bd9378c9e01eb6b2db155f"},"headline":"Marina Ruy Barbosa loira no teaser da nova campanha da Renault","datePublished":"2019-07-25T16:43:48+00:00","dateModified":"2019-07-27T00:57:26+00:00","mainEntityOfPage":{"@id":"https:\/\/www.cidademarketing.com.br\/marketing\/2019\/07\/25\/marina-ruy-barbosa-loira-no-teaser-da-nova-campanha-da-renault\/"},"wordCount":1281,"commentCount":0,"publisher":{"@id":"https:\/\/www.cidademarketing.com.br\/marketing\/#organization"},"image":{"@id":"https:\/\/www.cidademarketing.com.br\/marketing\/2019\/07\/25\/marina-ruy-barbosa-loira-no-teaser-da-nova-campanha-da-renault\/#primaryimage"},"thumbnailUrl":"https:\/\/www.cidademarketing.com.br\/marketing\/wp-content\/uploads\/2019\/07\/marina_renault.jpeg","keywords":["campanha","Marina Ruy Barbosa","marketing"],"articleSection":["Videos"],"inLanguage":"pt-BR","potentialAction":[{"@type":"CommentAction","name":"Comment","target":["https:\/\/www.cidademarketing.com.br\/marketing\/2019\/07\/25\/marina-ruy-barbosa-loira-no-teaser-da-nova-campanha-da-renault\/#respond"]}]},{"@type":"WebPage","@id":"https:\/\/www.cidademarketing.com.br\/marketing\/2019\/07\/25\/marina-ruy-barbosa-loira-no-teaser-da-nova-campanha-da-renault\/","url":"https:\/\/www.cidademarketing.com.br\/marketing\/2019\/07\/25\/marina-ruy-barbosa-loira-no-teaser-da-nova-campanha-da-renault\/","name":"Marina Ruy Barbosa loira no teaser da nova campanha da Renault - CidadeMarketing","isPartOf":{"@id":"https:\/\/www.cidademarketing.com.br\/marketing\/#website"},"primaryImageOfPage":{"@id":"https:\/\/www.cidademarketing.com.br\/marketing\/2019\/07\/25\/marina-ruy-barbosa-loira-no-teaser-da-nova-campanha-da-renault\/#primaryimage"},"image":{"@id":"https:\/\/www.cidademarketing.com.br\/marketing\/2019\/07\/25\/marina-ruy-barbosa-loira-no-teaser-da-nova-campanha-da-renault\/#primaryimage"},"thumbnailUrl":"https:\/\/www.cidademarketing.com.br\/marketing\/wp-content\/uploads\/2019\/07\/marina_renault.jpeg","datePublished":"2019-07-25T16:43:48+00:00","dateModified":"2019-07-27T00:57:26+00:00","breadcrumb":{"@id":"https:\/\/www.cidademarketing.com.br\/marketing\/2019\/07\/25\/marina-ruy-barbosa-loira-no-teaser-da-nova-campanha-da-renault\/#breadcrumb"},"inLanguage":"pt-BR","potentialAction":[{"@type":"ReadAction","target":["https:\/\/www.cidademarketing.com.br\/marketing\/2019\/07\/25\/marina-ruy-barbosa-loira-no-teaser-da-nova-campanha-da-renault\/"]}]},{"@type":"ImageObject","inLanguage":"pt-BR","@id":"https:\/\/www.cidademarketing.com.br\/marketing\/2019\/07\/25\/marina-ruy-barbosa-loira-no-teaser-da-nova-campanha-da-renault\/#primaryimage","url":"https:\/\/www.cidademarketing.com.br\/marketing\/wp-content\/uploads\/2019\/07\/marina_renault.jpeg","contentUrl":"https:\/\/www.cidademarketing.com.br\/marketing\/wp-content\/uploads\/2019\/07\/marina_renault.jpeg","width":862,"height":1280,"caption":"Divulga\u00e7\u00e3o"},{"@type":"BreadcrumbList","@id":"https:\/\/www.cidademarketing.com.br\/marketing\/2019\/07\/25\/marina-ruy-barbosa-loira-no-teaser-da-nova-campanha-da-renault\/#breadcrumb","itemListElement":[{"@type":"ListItem","position":1,"name":"In\u00edcio","item":"https:\/\/www.cidademarketing.com.br\/marketing\/"},{"@type":"ListItem","position":2,"name":"Marina Ruy Barbosa loira no teaser da nova campanha da Renault"}]},{"@type":"WebSite","@id":"https:\/\/www.cidademarketing.com.br\/marketing\/#website","url":"https:\/\/www.cidademarketing.com.br\/marketing\/","name":"CidadeMarketing","description":"Somos um ve\u00edculo de comunica\u00e7\u00e3o de destaque no Brasil, reconhecido por conte\u00fados nos segmentos de marketing, empreendedorismo e inova\u00e7\u00e3o.","publisher":{"@id":"https:\/\/www.cidademarketing.com.br\/marketing\/#organization"},"alternateName":"CidadeMarketing","potentialAction":[{"@type":"SearchAction","target":{"@type":"EntryPoint","urlTemplate":"https:\/\/www.cidademarketing.com.br\/marketing\/?s={search_term_string}"},"query-input":{"@type":"PropertyValueSpecification","valueRequired":true,"valueName":"search_term_string"}}],"inLanguage":"pt-BR"},{"@type":"Organization","@id":"https:\/\/www.cidademarketing.com.br\/marketing\/#organization","name":"CidadeMarketing","alternateName":"CidadeMarketing","url":"https:\/\/www.cidademarketing.com.br\/marketing\/","logo":{"@type":"ImageObject","inLanguage":"pt-BR","@id":"https:\/\/www.cidademarketing.com.br\/marketing\/#\/schema\/logo\/image\/","url":"https:\/\/www.cidademarketing.com.br\/marketing\/wp-content\/uploads\/2020\/01\/cidademarketing_marca_mobile.png","contentUrl":"https:\/\/www.cidademarketing.com.br\/marketing\/wp-content\/uploads\/2020\/01\/cidademarketing_marca_mobile.png","width":230,"height":92,"caption":"CidadeMarketing"},"image":{"@id":"https:\/\/www.cidademarketing.com.br\/marketing\/#\/schema\/logo\/image\/"},"sameAs":["https:\/\/www.facebook.com\/portalcidademarketing","https:\/\/x.com\/CidadeMarketing","https:\/\/www.instagram.com\/cidademarketing\/"]},{"@type":"Person","@id":"https:\/\/www.cidademarketing.com.br\/marketing\/#\/schema\/person\/02daff9f18bd9378c9e01eb6b2db155f","name":"Thales Brand\u00e3o","image":{"@type":"ImageObject","inLanguage":"pt-BR","@id":"https:\/\/secure.gravatar.com\/avatar\/7ca3206950207cc3cb48feec56a8a7898741ab725c368d99d5d7a5a50aab80c6?s=96&d=mm&r=g","url":"https:\/\/secure.gravatar.com\/avatar\/7ca3206950207cc3cb48feec56a8a7898741ab725c368d99d5d7a5a50aab80c6?s=96&d=mm&r=g","contentUrl":"https:\/\/secure.gravatar.com\/avatar\/7ca3206950207cc3cb48feec56a8a7898741ab725c368d99d5d7a5a50aab80c6?s=96&d=mm&r=g","caption":"Thales Brand\u00e3o"},"description":"Editor Executivo do Portal CidadeMarketing.com.br &gt; Mestre em Comunica\u00e7\u00e3o e Sociedade pela Universidade Federal de Sergipe. Possui MBA Executivo em Administra\u00e7\u00e3o com \u00eanfase em Marketing pela Funda\u00e7\u00e3o Get\u00falio Vargas - Rio de Janeiro. Consultor, Palestrante e Pesquisador sobre Empreendedorismo, Marketing, Redes Sociais e Neg\u00f3cios Digitais. Professor, Palestrante TedxTalks e Campus Party. Twitter: @ThalesBrandao","sameAs":["http:\/\/www.mandacaru.com.br","https:\/\/www.facebook.com\/thalesbrandao","http:\/\/www.instagram.com.br\/thalesbrandaoferreira","https:\/\/www.linkedin.com\/in\/thales-brand\u00e3o-3948609\/","https:\/\/x.com\/http:\/\/www.twitter.com\/thalesbrandao"],"url":"https:\/\/www.cidademarketing.com.br\/marketing\/author\/thalesbrandao\/"}]}},"amp_enabled":true,"_links":{"self":[{"href":"https:\/\/www.cidademarketing.com.br\/marketing\/wp-json\/wp\/v2\/posts\/10317","targetHints":{"allow":["GET"]}}],"collection":[{"href":"https:\/\/www.cidademarketing.com.br\/marketing\/wp-json\/wp\/v2\/posts"}],"about":[{"href":"https:\/\/www.cidademarketing.com.br\/marketing\/wp-json\/wp\/v2\/types\/post"}],"author":[{"embeddable":true,"href":"https:\/\/www.cidademarketing.com.br\/marketing\/wp-json\/wp\/v2\/users\/1"}],"replies":[{"embeddable":true,"href":"https:\/\/www.cidademarketing.com.br\/marketing\/wp-json\/wp\/v2\/comments?post=10317"}],"version-history":[{"count":2,"href":"https:\/\/www.cidademarketing.com.br\/marketing\/wp-json\/wp\/v2\/posts\/10317\/revisions"}],"predecessor-version":[{"id":10368,"href":"https:\/\/www.cidademarketing.com.br\/marketing\/wp-json\/wp\/v2\/posts\/10317\/revisions\/10368"}],"wp:featuredmedia":[{"embeddable":true,"href":"https:\/\/www.cidademarketing.com.br\/marketing\/wp-json\/wp\/v2\/media\/10318"}],"wp:attachment":[{"href":"https:\/\/www.cidademarketing.com.br\/marketing\/wp-json\/wp\/v2\/media?parent=10317"}],"wp:term":[{"taxonomy":"category","embeddable":true,"href":"https:\/\/www.cidademarketing.com.br\/marketing\/wp-json\/wp\/v2\/categories?post=10317"},{"taxonomy":"post_tag","embeddable":true,"href":"https:\/\/www.cidademarketing.com.br\/marketing\/wp-json\/wp\/v2\/tags?post=10317"}],"curies":[{"name":"wp","href":"https:\/\/api.w.org\/{rel}","templated":true}]}}