{"id":10259,"date":"2019-07-23T18:55:09","date_gmt":"2019-07-23T14:55:09","guid":{"rendered":"https:\/\/www.cidademarketing.com.br\/marketing\/?p=10259"},"modified":"2019-07-23T18:55:11","modified_gmt":"2019-07-23T14:55:11","slug":"ministerio-da-cidadania-e-3m-abrem-inscricoes-para-sua-terceira-edicao-do-premio-brasil-criativo","status":"publish","type":"post","link":"https:\/\/www.cidademarketing.com.br\/marketing\/2019\/07\/23\/ministerio-da-cidadania-e-3m-abrem-inscricoes-para-sua-terceira-edicao-do-premio-brasil-criativo\/","title":{"rendered":"Minist\u00e9rio da Cidadania e 3M abrem inscri\u00e7\u00f5es para sua terceira edi\u00e7\u00e3o do Pr\u00eamio Brasil Criativo"},"content":{"rendered":"\n<p>O PIB da economia criativa global\ncresce significativamente desde 2002, per\u00edodo em que a ONU passou a reunir os\ndados sobre o com\u00e9rcio de bens e servi\u00e7os criativos em um relat\u00f3rio especial\npublicado pela UNCTAD. <\/p>\n\n\n\n<p>No Brasil, o setor se destaca\npelo crescimento de segmentos como moda, design, audiovisual e artes visuais,\nal\u00e9m de atender ao mercado interno. Os neg\u00f3cios da economia criativa brasileira\ntamb\u00e9m geram saldo positivo na balan\u00e7a comercial com seus principais parceiros\ninternacionais. <\/p>\n\n\n\n<p>Como\nforma de reconhecer e valorizar os empreendimentos e neg\u00f3cios da economia\ncriativa, a partir do dia 24 de julho, est\u00e3o abertas as inscri\u00e7\u00f5es da terceira\nedi\u00e7\u00e3o do Pr\u00eamio Brasil Criativo. O Pr\u00eamio Brasil Criativo \u00e9 a premia\u00e7\u00e3o\noficial da economia criativa no pa\u00eds, tendo recebido a chancela do Minist\u00e9rio\nda Cultura (2014) e o apoio institucional da UNESCO (2016).<\/p>\n\n\n\n<p>A edi\u00e7\u00e3o deste ano \u00e9 apresentada\npelo Minist\u00e9rio da Cidadania e pela 3M e conta com o patroc\u00ednio do Mercado\nLivre, empresas reconhecidas pela cultura de inova\u00e7\u00e3o e pelo incentivo \u00e0\ncriatividade e ao empreendedorismo. <\/p>\n\n\n\n<p>\u201cA 3M se engaja na realiza\u00e7\u00e3o do\nPr\u00eamio desde a primeira edi\u00e7\u00e3o pela conex\u00e3o perfeita entre nossa marca e os\nvalores do projeto. Nossa aspira\u00e7\u00e3o \u00e9 que o movimento se fortale\u00e7a, inspirando\nempreendedores, promovendo a colabora\u00e7\u00e3o, dando visibilidade a talentos criativos\nque impactam positivamente o mundo\u201d, acrescenta Luiz Serafim, Head de Marketing\nda 3M do Brasil.<\/p>\n\n\n\n<p>O\nMercado Livre tamb\u00e9m destaca a import\u00e2ncia do incentivo a economia criativa. \u201cO\nMercado Livre, como l\u00edder em tecnologia para e-commerce e servi\u00e7os financeiros\nna Am\u00e9rica Latina, oferece um ecossistema de solu\u00e7\u00f5es digitais para\nempreendedores dessa regi\u00e3o. Por isso estamos sempre buscando impulsionar o\nempreendedorismo e a inova\u00e7\u00e3o, por meio do apoio a projetos de tecnologia,\neconomia criativa, educa\u00e7\u00e3o, empreendedorismo e inova\u00e7\u00e3o social\u201d, destaca Laura\nMotta, Coordenadora de Sustentabilidade do Mercado Livre no Brasil.<\/p>\n\n\n\n<p>O Pr\u00eamio Brasil Criativo foi\nidealizado por um dos principais nomes da economia criativa do pa\u00eds, o\npsic\u00f3logo e empres\u00e1rio Lucas Foster, especialista em criatividade e tamb\u00e9m\ncriador do Dia Mundial da Criatividade. A realiza\u00e7\u00e3o \u00e9 do LabCriativo, empresa\nbrasileira que conecta educadores e projetos com foco em criatividade e\ninova\u00e7\u00e3o. <\/p>\n\n\n\n<p>As inscri\u00e7\u00f5es podem ser\nrealizadas at\u00e9 o dia 25 de agosto, e busca iniciativas de pessoas f\u00edsicas e\njur\u00eddicas de todo o pa\u00eds que promovam solu\u00e7\u00f5es inovadoras nas ind\u00fastrias\nrelacionadas \u00e0 economia criativa. \u201cSer\u00e1 a oportunidade de celebrar e valorizar\nmais uma vez o talento e a criatividade de profissionais e empreendedores que\nest\u00e3o construindo as bases desta nova economia. Garantir o reconhecimento e a\nvisibilidade para quem trabalha pelo desenvolvimento econ\u00f4mico sustent\u00e1vel e\ninovador do Brasil \u00e9 o m\u00ednimo que devemos fazer para mostrar que o futuro do\nBrasil est\u00e1 sendo garantido por uma nova gera\u00e7\u00e3o de empreendedores.&#8221;,\nconta Lucas Foster. <\/p>\n\n\n\n<p>Neste ano, o Pr\u00eamio contemplar\u00e1\n12 categorias divididas nos seguintes temas: <\/p>\n\n\n\n<p>&nbsp;. Publicidade &#8211; Freelancer\nde Respeito<\/p>\n\n\n\n<p>.&nbsp; Arquitetura &#8211; Cidades\npara Pessoas <\/p>\n\n\n\n<p>.&nbsp; Design &#8211; Wearables <\/p>\n\n\n\n<p>.&nbsp; Moda &#8211; Sustentabilidade<\/p>\n\n\n\n<p>.&nbsp; Express\u00f5es Culturais &#8211;\nArtesanato Digital <\/p>\n\n\n\n<p>.&nbsp; Patrim\u00f4nio e Artes &#8211;\nQuero Museu Vivo <\/p>\n\n\n\n<p>.&nbsp; M\u00fasica &#8211; DJ do Ano<\/p>\n\n\n\n<p>.&nbsp; Artes C\u00eanicas &#8211; Festivais\nque Transformam<\/p>\n\n\n\n<p>.&nbsp; Editorial &#8211; Creators que\nInspiram<\/p>\n\n\n\n<p>.&nbsp; Audiovisuais &#8211; Jogos\nIndependentes<\/p>\n\n\n\n<p>. P&amp;D &#8211; Patente dos Sonhos<\/p>\n\n\n\n<p>. TIC &#8211; Apps que Educam<\/p>\n\n\n\n<p>De acordo com Lucas Foster, a\nnova edi\u00e7\u00e3o do Pr\u00eamio Brasil Criativo, pretende fortalecer a comunidade de\nempreendedores, profissionais, curadores e parceiros que fazem parte deste\ngrande ecossistema criativo. \u201cOs participantes desta terceira edi\u00e7\u00e3o ter\u00e3o\nainda mais oportunidades de conex\u00e3o e relacionamento com os participantes das\nedi\u00e7\u00f5es anteriores e com toda a comunidade criativa brasileira envolvida com o\ndesenvolvimento da economia criativa nacional.\u201d, revela Lucas. <\/p>\n\n\n\n<p>As inscri\u00e7\u00f5es ser\u00e3o realizadas diretamente no site do Pr\u00eamio Brasil Criativo (<a href=\"http:\/\/www.premiobrasilcriativo.com.br\/\" target=\"_blank\" rel=\"noreferrer noopener\" aria-label=\" (abre numa nova aba)\">http:\/\/www.premiobrasilcriativo.com.br\/<\/a>) e os participantes passam por tr\u00eas etapas. Na primeira fase acontecem \u00e0s inscri\u00e7\u00f5es online, ap\u00f3s o preenchimento de todas as informa\u00e7\u00f5es, come\u00e7a a segunda etapa quando um time\u00a0 de curadores reconhecidos pelo destaque de seus trabalhos e nomeados pela organiza\u00e7\u00e3o selecionam 06 projetos semifinalistas em cada uma das 12 categorias. Na terceira fase, uma rede composta por colaboradores e diretores de grandes empresas patrocinadoras e interessada no assunto votar\u00e3o nos projetos atrav\u00e9s da plataforma da premia\u00e7\u00e3o. Nessa sele\u00e7\u00e3o final, os profissionais v\u00e3o definir os tr\u00eas finalistas de cada categoria, que voltar\u00e3o aos curadores para a escolha do vencedor. A cerim\u00f4nia de premia\u00e7\u00e3o acontecer\u00e1 no dia 30 de novembro, em S\u00e3o Paulo, dentro do Festival de Criatividade Pixel Show, em um audit\u00f3rio para 1.500 pessoas. <\/p>\n\n\n\n<p>Al\u00e9m do reconhecimento, os\nvencedores do Pr\u00eamio Brasil Criativo ter\u00e3o suas hist\u00f3rias retratadas em um\ndocument\u00e1rio. Cada projeto ganhador ser\u00e1 destacado em epis\u00f3dios distintos, para\nque os empreendedores possam apresentar de forma inovadora seus neg\u00f3cios a\nposs\u00edveis investidores, parceiros e volunt\u00e1rios. O document\u00e1rio ser\u00e1 lan\u00e7ado no\ndia 21 de abril, data em que se comemora o Dia Mundial da Criatividade. <\/p>\n","protected":false},"excerpt":{"rendered":"<p>O PIB da economia criativa global cresce significativamente desde 2002, per\u00edodo em que a ONU passou a reunir os dados sobre o com\u00e9rcio de bens e servi\u00e7os criativos em um relat\u00f3rio especial publicado pela UNCTAD. No Brasil, o setor se destaca pelo crescimento de segmentos como moda, design, audiovisual e artes visuais, al\u00e9m de atender [&hellip;]<\/p>\n","protected":false},"author":1,"featured_media":10261,"comment_status":"open","ping_status":"open","sticky":false,"template":"","format":"standard","meta":{"tdm_status":"","tdm_grid_status":"","footnotes":""},"categories":[6],"tags":[2165,27,293],"class_list":["post-10259","post","type-post","status-publish","format-standard","has-post-thumbnail","hentry","category-noticias","tag-3m","tag-empreendedorismo","tag-inovacao"],"yoast_head":"<!-- This site is optimized with the Yoast SEO plugin v27.5 - https:\/\/yoast.com\/product\/yoast-seo-wordpress\/ -->\n<title>Minist\u00e9rio da Cidadania e 3M abrem inscri\u00e7\u00f5es para sua terceira edi\u00e7\u00e3o do Pr\u00eamio Brasil Criativo - CidadeMarketing<\/title>\n<meta name=\"robots\" content=\"index, follow, max-snippet:-1, max-image-preview:large, max-video-preview:-1\" \/>\n<link rel=\"canonical\" href=\"https:\/\/www.cidademarketing.com.br\/marketing\/2019\/07\/23\/ministerio-da-cidadania-e-3m-abrem-inscricoes-para-sua-terceira-edicao-do-premio-brasil-criativo\/\" \/>\n<meta property=\"og:locale\" content=\"pt_BR\" \/>\n<meta property=\"og:type\" content=\"article\" \/>\n<meta property=\"og:title\" content=\"Minist\u00e9rio da Cidadania e 3M abrem inscri\u00e7\u00f5es para sua terceira edi\u00e7\u00e3o do Pr\u00eamio Brasil Criativo - CidadeMarketing\" \/>\n<meta property=\"og:description\" content=\"O PIB da economia criativa global cresce significativamente desde 2002, per\u00edodo em que a ONU passou a reunir os dados sobre o com\u00e9rcio de bens e servi\u00e7os criativos em um relat\u00f3rio especial publicado pela UNCTAD. No Brasil, o setor se destaca pelo crescimento de segmentos como moda, design, audiovisual e artes visuais, al\u00e9m de atender [&hellip;]\" \/>\n<meta property=\"og:url\" content=\"https:\/\/www.cidademarketing.com.br\/marketing\/2019\/07\/23\/ministerio-da-cidadania-e-3m-abrem-inscricoes-para-sua-terceira-edicao-do-premio-brasil-criativo\/\" \/>\n<meta property=\"og:site_name\" content=\"CidadeMarketing\" \/>\n<meta property=\"article:publisher\" content=\"https:\/\/www.facebook.com\/portalcidademarketing\" \/>\n<meta property=\"article:author\" content=\"https:\/\/www.facebook.com\/thalesbrandao\" \/>\n<meta property=\"article:published_time\" content=\"2019-07-23T14:55:09+00:00\" \/>\n<meta property=\"article:modified_time\" content=\"2019-07-23T14:55:11+00:00\" \/>\n<meta property=\"og:image\" content=\"https:\/\/www.cidademarketing.com.br\/marketing\/wp-content\/uploads\/2019\/07\/cropped-premio_criativo_brasil_3m.jpg\" \/>\n\t<meta property=\"og:image:width\" content=\"781\" \/>\n\t<meta property=\"og:image:height\" content=\"439\" \/>\n\t<meta property=\"og:image:type\" content=\"image\/jpeg\" \/>\n<meta name=\"author\" content=\"Thales Brand\u00e3o\" \/>\n<meta name=\"twitter:card\" content=\"summary_large_image\" \/>\n<meta name=\"twitter:creator\" content=\"@http:\/\/www.twitter.com\/thalesbrandao\" \/>\n<meta name=\"twitter:site\" content=\"@CidadeMarketing\" \/>\n<meta name=\"twitter:label1\" content=\"Escrito por\" \/>\n\t<meta name=\"twitter:data1\" content=\"Thales Brand\u00e3o\" \/>\n\t<meta name=\"twitter:label2\" content=\"Est. tempo de leitura\" \/>\n\t<meta name=\"twitter:data2\" content=\"4 minutos\" \/>\n<script type=\"application\/ld+json\" class=\"yoast-schema-graph\">{\"@context\":\"https:\\\/\\\/schema.org\",\"@graph\":[{\"@type\":\"Article\",\"@id\":\"https:\\\/\\\/www.cidademarketing.com.br\\\/marketing\\\/2019\\\/07\\\/23\\\/ministerio-da-cidadania-e-3m-abrem-inscricoes-para-sua-terceira-edicao-do-premio-brasil-criativo\\\/#article\",\"isPartOf\":{\"@id\":\"https:\\\/\\\/www.cidademarketing.com.br\\\/marketing\\\/2019\\\/07\\\/23\\\/ministerio-da-cidadania-e-3m-abrem-inscricoes-para-sua-terceira-edicao-do-premio-brasil-criativo\\\/\"},\"author\":{\"name\":\"Thales Brand\u00e3o\",\"@id\":\"https:\\\/\\\/www.cidademarketing.com.br\\\/marketing\\\/#\\\/schema\\\/person\\\/02daff9f18bd9378c9e01eb6b2db155f\"},\"headline\":\"Minist\u00e9rio da Cidadania e 3M abrem inscri\u00e7\u00f5es para sua terceira edi\u00e7\u00e3o do Pr\u00eamio Brasil Criativo\",\"datePublished\":\"2019-07-23T14:55:09+00:00\",\"dateModified\":\"2019-07-23T14:55:11+00:00\",\"mainEntityOfPage\":{\"@id\":\"https:\\\/\\\/www.cidademarketing.com.br\\\/marketing\\\/2019\\\/07\\\/23\\\/ministerio-da-cidadania-e-3m-abrem-inscricoes-para-sua-terceira-edicao-do-premio-brasil-criativo\\\/\"},\"wordCount\":899,\"commentCount\":0,\"publisher\":{\"@id\":\"https:\\\/\\\/www.cidademarketing.com.br\\\/marketing\\\/#organization\"},\"image\":{\"@id\":\"https:\\\/\\\/www.cidademarketing.com.br\\\/marketing\\\/2019\\\/07\\\/23\\\/ministerio-da-cidadania-e-3m-abrem-inscricoes-para-sua-terceira-edicao-do-premio-brasil-criativo\\\/#primaryimage\"},\"thumbnailUrl\":\"https:\\\/\\\/www.cidademarketing.com.br\\\/marketing\\\/wp-content\\\/uploads\\\/2019\\\/07\\\/cropped-premio_criativo_brasil_3m.jpg\",\"keywords\":[\"3M\",\"empreendedorismo\",\"inova\u00e7\u00e3o\"],\"articleSection\":[\"Not\u00edcias\"],\"inLanguage\":\"pt-BR\",\"potentialAction\":[{\"@type\":\"CommentAction\",\"name\":\"Comment\",\"target\":[\"https:\\\/\\\/www.cidademarketing.com.br\\\/marketing\\\/2019\\\/07\\\/23\\\/ministerio-da-cidadania-e-3m-abrem-inscricoes-para-sua-terceira-edicao-do-premio-brasil-criativo\\\/#respond\"]}]},{\"@type\":\"WebPage\",\"@id\":\"https:\\\/\\\/www.cidademarketing.com.br\\\/marketing\\\/2019\\\/07\\\/23\\\/ministerio-da-cidadania-e-3m-abrem-inscricoes-para-sua-terceira-edicao-do-premio-brasil-criativo\\\/\",\"url\":\"https:\\\/\\\/www.cidademarketing.com.br\\\/marketing\\\/2019\\\/07\\\/23\\\/ministerio-da-cidadania-e-3m-abrem-inscricoes-para-sua-terceira-edicao-do-premio-brasil-criativo\\\/\",\"name\":\"Minist\u00e9rio da Cidadania e 3M abrem inscri\u00e7\u00f5es para sua terceira edi\u00e7\u00e3o do Pr\u00eamio Brasil Criativo - CidadeMarketing\",\"isPartOf\":{\"@id\":\"https:\\\/\\\/www.cidademarketing.com.br\\\/marketing\\\/#website\"},\"primaryImageOfPage\":{\"@id\":\"https:\\\/\\\/www.cidademarketing.com.br\\\/marketing\\\/2019\\\/07\\\/23\\\/ministerio-da-cidadania-e-3m-abrem-inscricoes-para-sua-terceira-edicao-do-premio-brasil-criativo\\\/#primaryimage\"},\"image\":{\"@id\":\"https:\\\/\\\/www.cidademarketing.com.br\\\/marketing\\\/2019\\\/07\\\/23\\\/ministerio-da-cidadania-e-3m-abrem-inscricoes-para-sua-terceira-edicao-do-premio-brasil-criativo\\\/#primaryimage\"},\"thumbnailUrl\":\"https:\\\/\\\/www.cidademarketing.com.br\\\/marketing\\\/wp-content\\\/uploads\\\/2019\\\/07\\\/cropped-premio_criativo_brasil_3m.jpg\",\"datePublished\":\"2019-07-23T14:55:09+00:00\",\"dateModified\":\"2019-07-23T14:55:11+00:00\",\"breadcrumb\":{\"@id\":\"https:\\\/\\\/www.cidademarketing.com.br\\\/marketing\\\/2019\\\/07\\\/23\\\/ministerio-da-cidadania-e-3m-abrem-inscricoes-para-sua-terceira-edicao-do-premio-brasil-criativo\\\/#breadcrumb\"},\"inLanguage\":\"pt-BR\",\"potentialAction\":[{\"@type\":\"ReadAction\",\"target\":[\"https:\\\/\\\/www.cidademarketing.com.br\\\/marketing\\\/2019\\\/07\\\/23\\\/ministerio-da-cidadania-e-3m-abrem-inscricoes-para-sua-terceira-edicao-do-premio-brasil-criativo\\\/\"]}]},{\"@type\":\"ImageObject\",\"inLanguage\":\"pt-BR\",\"@id\":\"https:\\\/\\\/www.cidademarketing.com.br\\\/marketing\\\/2019\\\/07\\\/23\\\/ministerio-da-cidadania-e-3m-abrem-inscricoes-para-sua-terceira-edicao-do-premio-brasil-criativo\\\/#primaryimage\",\"url\":\"https:\\\/\\\/www.cidademarketing.com.br\\\/marketing\\\/wp-content\\\/uploads\\\/2019\\\/07\\\/cropped-premio_criativo_brasil_3m.jpg\",\"contentUrl\":\"https:\\\/\\\/www.cidademarketing.com.br\\\/marketing\\\/wp-content\\\/uploads\\\/2019\\\/07\\\/cropped-premio_criativo_brasil_3m.jpg\",\"width\":781,\"height\":439},{\"@type\":\"BreadcrumbList\",\"@id\":\"https:\\\/\\\/www.cidademarketing.com.br\\\/marketing\\\/2019\\\/07\\\/23\\\/ministerio-da-cidadania-e-3m-abrem-inscricoes-para-sua-terceira-edicao-do-premio-brasil-criativo\\\/#breadcrumb\",\"itemListElement\":[{\"@type\":\"ListItem\",\"position\":1,\"name\":\"In\u00edcio\",\"item\":\"https:\\\/\\\/www.cidademarketing.com.br\\\/marketing\\\/\"},{\"@type\":\"ListItem\",\"position\":2,\"name\":\"Minist\u00e9rio da Cidadania e 3M abrem inscri\u00e7\u00f5es para sua terceira edi\u00e7\u00e3o do Pr\u00eamio Brasil Criativo\"}]},{\"@type\":\"WebSite\",\"@id\":\"https:\\\/\\\/www.cidademarketing.com.br\\\/marketing\\\/#website\",\"url\":\"https:\\\/\\\/www.cidademarketing.com.br\\\/marketing\\\/\",\"name\":\"CidadeMarketing\",\"description\":\"Somos um ve\u00edculo de comunica\u00e7\u00e3o de destaque no Brasil, reconhecido por conte\u00fados nos segmentos de marketing, empreendedorismo e inova\u00e7\u00e3o.\",\"publisher\":{\"@id\":\"https:\\\/\\\/www.cidademarketing.com.br\\\/marketing\\\/#organization\"},\"alternateName\":\"CidadeMarketing\",\"potentialAction\":[{\"@type\":\"SearchAction\",\"target\":{\"@type\":\"EntryPoint\",\"urlTemplate\":\"https:\\\/\\\/www.cidademarketing.com.br\\\/marketing\\\/?s={search_term_string}\"},\"query-input\":{\"@type\":\"PropertyValueSpecification\",\"valueRequired\":true,\"valueName\":\"search_term_string\"}}],\"inLanguage\":\"pt-BR\"},{\"@type\":\"Organization\",\"@id\":\"https:\\\/\\\/www.cidademarketing.com.br\\\/marketing\\\/#organization\",\"name\":\"CidadeMarketing\",\"alternateName\":\"CidadeMarketing\",\"url\":\"https:\\\/\\\/www.cidademarketing.com.br\\\/marketing\\\/\",\"logo\":{\"@type\":\"ImageObject\",\"inLanguage\":\"pt-BR\",\"@id\":\"https:\\\/\\\/www.cidademarketing.com.br\\\/marketing\\\/#\\\/schema\\\/logo\\\/image\\\/\",\"url\":\"https:\\\/\\\/www.cidademarketing.com.br\\\/marketing\\\/wp-content\\\/uploads\\\/2020\\\/01\\\/cidademarketing_marca_mobile.png\",\"contentUrl\":\"https:\\\/\\\/www.cidademarketing.com.br\\\/marketing\\\/wp-content\\\/uploads\\\/2020\\\/01\\\/cidademarketing_marca_mobile.png\",\"width\":230,\"height\":92,\"caption\":\"CidadeMarketing\"},\"image\":{\"@id\":\"https:\\\/\\\/www.cidademarketing.com.br\\\/marketing\\\/#\\\/schema\\\/logo\\\/image\\\/\"},\"sameAs\":[\"https:\\\/\\\/www.facebook.com\\\/portalcidademarketing\",\"https:\\\/\\\/x.com\\\/CidadeMarketing\",\"https:\\\/\\\/www.instagram.com\\\/cidademarketing\\\/\"]},{\"@type\":\"Person\",\"@id\":\"https:\\\/\\\/www.cidademarketing.com.br\\\/marketing\\\/#\\\/schema\\\/person\\\/02daff9f18bd9378c9e01eb6b2db155f\",\"name\":\"Thales Brand\u00e3o\",\"image\":{\"@type\":\"ImageObject\",\"inLanguage\":\"pt-BR\",\"@id\":\"https:\\\/\\\/secure.gravatar.com\\\/avatar\\\/7ca3206950207cc3cb48feec56a8a7898741ab725c368d99d5d7a5a50aab80c6?s=96&d=mm&r=g\",\"url\":\"https:\\\/\\\/secure.gravatar.com\\\/avatar\\\/7ca3206950207cc3cb48feec56a8a7898741ab725c368d99d5d7a5a50aab80c6?s=96&d=mm&r=g\",\"contentUrl\":\"https:\\\/\\\/secure.gravatar.com\\\/avatar\\\/7ca3206950207cc3cb48feec56a8a7898741ab725c368d99d5d7a5a50aab80c6?s=96&d=mm&r=g\",\"caption\":\"Thales Brand\u00e3o\"},\"description\":\"Editor Executivo do Portal CidadeMarketing.com.br &gt; Mestre em Comunica\u00e7\u00e3o e Sociedade pela Universidade Federal de Sergipe. Possui MBA Executivo em Administra\u00e7\u00e3o com \u00eanfase em Marketing pela Funda\u00e7\u00e3o Get\u00falio Vargas - Rio de Janeiro. Consultor, Palestrante e Pesquisador sobre Empreendedorismo, Marketing, Redes Sociais e Neg\u00f3cios Digitais. Professor, Palestrante TedxTalks e Campus Party. Twitter: @ThalesBrandao\",\"sameAs\":[\"http:\\\/\\\/www.mandacaru.com.br\",\"https:\\\/\\\/www.facebook.com\\\/thalesbrandao\",\"http:\\\/\\\/www.instagram.com.br\\\/thalesbrandaoferreira\",\"https:\\\/\\\/www.linkedin.com\\\/in\\\/thales-brand\u00e3o-3948609\\\/\",\"https:\\\/\\\/x.com\\\/http:\\\/\\\/www.twitter.com\\\/thalesbrandao\"],\"url\":\"https:\\\/\\\/www.cidademarketing.com.br\\\/marketing\\\/author\\\/thalesbrandao\\\/\"}]}<\/script>\n<!-- \/ Yoast SEO plugin. -->","yoast_head_json":{"title":"Minist\u00e9rio da Cidadania e 3M abrem inscri\u00e7\u00f5es para sua terceira edi\u00e7\u00e3o do Pr\u00eamio Brasil Criativo - CidadeMarketing","robots":{"index":"index","follow":"follow","max-snippet":"max-snippet:-1","max-image-preview":"max-image-preview:large","max-video-preview":"max-video-preview:-1"},"canonical":"https:\/\/www.cidademarketing.com.br\/marketing\/2019\/07\/23\/ministerio-da-cidadania-e-3m-abrem-inscricoes-para-sua-terceira-edicao-do-premio-brasil-criativo\/","og_locale":"pt_BR","og_type":"article","og_title":"Minist\u00e9rio da Cidadania e 3M abrem inscri\u00e7\u00f5es para sua terceira edi\u00e7\u00e3o do Pr\u00eamio Brasil Criativo - CidadeMarketing","og_description":"O PIB da economia criativa global cresce significativamente desde 2002, per\u00edodo em que a ONU passou a reunir os dados sobre o com\u00e9rcio de bens e servi\u00e7os criativos em um relat\u00f3rio especial publicado pela UNCTAD. No Brasil, o setor se destaca pelo crescimento de segmentos como moda, design, audiovisual e artes visuais, al\u00e9m de atender [&hellip;]","og_url":"https:\/\/www.cidademarketing.com.br\/marketing\/2019\/07\/23\/ministerio-da-cidadania-e-3m-abrem-inscricoes-para-sua-terceira-edicao-do-premio-brasil-criativo\/","og_site_name":"CidadeMarketing","article_publisher":"https:\/\/www.facebook.com\/portalcidademarketing","article_author":"https:\/\/www.facebook.com\/thalesbrandao","article_published_time":"2019-07-23T14:55:09+00:00","article_modified_time":"2019-07-23T14:55:11+00:00","og_image":[{"width":781,"height":439,"url":"https:\/\/www.cidademarketing.com.br\/marketing\/wp-content\/uploads\/2019\/07\/cropped-premio_criativo_brasil_3m.jpg","type":"image\/jpeg"}],"author":"Thales Brand\u00e3o","twitter_card":"summary_large_image","twitter_creator":"@http:\/\/www.twitter.com\/thalesbrandao","twitter_site":"@CidadeMarketing","twitter_misc":{"Escrito por":"Thales Brand\u00e3o","Est. tempo de leitura":"4 minutos"},"schema":{"@context":"https:\/\/schema.org","@graph":[{"@type":"Article","@id":"https:\/\/www.cidademarketing.com.br\/marketing\/2019\/07\/23\/ministerio-da-cidadania-e-3m-abrem-inscricoes-para-sua-terceira-edicao-do-premio-brasil-criativo\/#article","isPartOf":{"@id":"https:\/\/www.cidademarketing.com.br\/marketing\/2019\/07\/23\/ministerio-da-cidadania-e-3m-abrem-inscricoes-para-sua-terceira-edicao-do-premio-brasil-criativo\/"},"author":{"name":"Thales Brand\u00e3o","@id":"https:\/\/www.cidademarketing.com.br\/marketing\/#\/schema\/person\/02daff9f18bd9378c9e01eb6b2db155f"},"headline":"Minist\u00e9rio da Cidadania e 3M abrem inscri\u00e7\u00f5es para sua terceira edi\u00e7\u00e3o do Pr\u00eamio Brasil Criativo","datePublished":"2019-07-23T14:55:09+00:00","dateModified":"2019-07-23T14:55:11+00:00","mainEntityOfPage":{"@id":"https:\/\/www.cidademarketing.com.br\/marketing\/2019\/07\/23\/ministerio-da-cidadania-e-3m-abrem-inscricoes-para-sua-terceira-edicao-do-premio-brasil-criativo\/"},"wordCount":899,"commentCount":0,"publisher":{"@id":"https:\/\/www.cidademarketing.com.br\/marketing\/#organization"},"image":{"@id":"https:\/\/www.cidademarketing.com.br\/marketing\/2019\/07\/23\/ministerio-da-cidadania-e-3m-abrem-inscricoes-para-sua-terceira-edicao-do-premio-brasil-criativo\/#primaryimage"},"thumbnailUrl":"https:\/\/www.cidademarketing.com.br\/marketing\/wp-content\/uploads\/2019\/07\/cropped-premio_criativo_brasil_3m.jpg","keywords":["3M","empreendedorismo","inova\u00e7\u00e3o"],"articleSection":["Not\u00edcias"],"inLanguage":"pt-BR","potentialAction":[{"@type":"CommentAction","name":"Comment","target":["https:\/\/www.cidademarketing.com.br\/marketing\/2019\/07\/23\/ministerio-da-cidadania-e-3m-abrem-inscricoes-para-sua-terceira-edicao-do-premio-brasil-criativo\/#respond"]}]},{"@type":"WebPage","@id":"https:\/\/www.cidademarketing.com.br\/marketing\/2019\/07\/23\/ministerio-da-cidadania-e-3m-abrem-inscricoes-para-sua-terceira-edicao-do-premio-brasil-criativo\/","url":"https:\/\/www.cidademarketing.com.br\/marketing\/2019\/07\/23\/ministerio-da-cidadania-e-3m-abrem-inscricoes-para-sua-terceira-edicao-do-premio-brasil-criativo\/","name":"Minist\u00e9rio da Cidadania e 3M abrem inscri\u00e7\u00f5es para sua terceira edi\u00e7\u00e3o do Pr\u00eamio Brasil Criativo - CidadeMarketing","isPartOf":{"@id":"https:\/\/www.cidademarketing.com.br\/marketing\/#website"},"primaryImageOfPage":{"@id":"https:\/\/www.cidademarketing.com.br\/marketing\/2019\/07\/23\/ministerio-da-cidadania-e-3m-abrem-inscricoes-para-sua-terceira-edicao-do-premio-brasil-criativo\/#primaryimage"},"image":{"@id":"https:\/\/www.cidademarketing.com.br\/marketing\/2019\/07\/23\/ministerio-da-cidadania-e-3m-abrem-inscricoes-para-sua-terceira-edicao-do-premio-brasil-criativo\/#primaryimage"},"thumbnailUrl":"https:\/\/www.cidademarketing.com.br\/marketing\/wp-content\/uploads\/2019\/07\/cropped-premio_criativo_brasil_3m.jpg","datePublished":"2019-07-23T14:55:09+00:00","dateModified":"2019-07-23T14:55:11+00:00","breadcrumb":{"@id":"https:\/\/www.cidademarketing.com.br\/marketing\/2019\/07\/23\/ministerio-da-cidadania-e-3m-abrem-inscricoes-para-sua-terceira-edicao-do-premio-brasil-criativo\/#breadcrumb"},"inLanguage":"pt-BR","potentialAction":[{"@type":"ReadAction","target":["https:\/\/www.cidademarketing.com.br\/marketing\/2019\/07\/23\/ministerio-da-cidadania-e-3m-abrem-inscricoes-para-sua-terceira-edicao-do-premio-brasil-criativo\/"]}]},{"@type":"ImageObject","inLanguage":"pt-BR","@id":"https:\/\/www.cidademarketing.com.br\/marketing\/2019\/07\/23\/ministerio-da-cidadania-e-3m-abrem-inscricoes-para-sua-terceira-edicao-do-premio-brasil-criativo\/#primaryimage","url":"https:\/\/www.cidademarketing.com.br\/marketing\/wp-content\/uploads\/2019\/07\/cropped-premio_criativo_brasil_3m.jpg","contentUrl":"https:\/\/www.cidademarketing.com.br\/marketing\/wp-content\/uploads\/2019\/07\/cropped-premio_criativo_brasil_3m.jpg","width":781,"height":439},{"@type":"BreadcrumbList","@id":"https:\/\/www.cidademarketing.com.br\/marketing\/2019\/07\/23\/ministerio-da-cidadania-e-3m-abrem-inscricoes-para-sua-terceira-edicao-do-premio-brasil-criativo\/#breadcrumb","itemListElement":[{"@type":"ListItem","position":1,"name":"In\u00edcio","item":"https:\/\/www.cidademarketing.com.br\/marketing\/"},{"@type":"ListItem","position":2,"name":"Minist\u00e9rio da Cidadania e 3M abrem inscri\u00e7\u00f5es para sua terceira edi\u00e7\u00e3o do Pr\u00eamio Brasil Criativo"}]},{"@type":"WebSite","@id":"https:\/\/www.cidademarketing.com.br\/marketing\/#website","url":"https:\/\/www.cidademarketing.com.br\/marketing\/","name":"CidadeMarketing","description":"Somos um ve\u00edculo de comunica\u00e7\u00e3o de destaque no Brasil, reconhecido por conte\u00fados nos segmentos de marketing, empreendedorismo e inova\u00e7\u00e3o.","publisher":{"@id":"https:\/\/www.cidademarketing.com.br\/marketing\/#organization"},"alternateName":"CidadeMarketing","potentialAction":[{"@type":"SearchAction","target":{"@type":"EntryPoint","urlTemplate":"https:\/\/www.cidademarketing.com.br\/marketing\/?s={search_term_string}"},"query-input":{"@type":"PropertyValueSpecification","valueRequired":true,"valueName":"search_term_string"}}],"inLanguage":"pt-BR"},{"@type":"Organization","@id":"https:\/\/www.cidademarketing.com.br\/marketing\/#organization","name":"CidadeMarketing","alternateName":"CidadeMarketing","url":"https:\/\/www.cidademarketing.com.br\/marketing\/","logo":{"@type":"ImageObject","inLanguage":"pt-BR","@id":"https:\/\/www.cidademarketing.com.br\/marketing\/#\/schema\/logo\/image\/","url":"https:\/\/www.cidademarketing.com.br\/marketing\/wp-content\/uploads\/2020\/01\/cidademarketing_marca_mobile.png","contentUrl":"https:\/\/www.cidademarketing.com.br\/marketing\/wp-content\/uploads\/2020\/01\/cidademarketing_marca_mobile.png","width":230,"height":92,"caption":"CidadeMarketing"},"image":{"@id":"https:\/\/www.cidademarketing.com.br\/marketing\/#\/schema\/logo\/image\/"},"sameAs":["https:\/\/www.facebook.com\/portalcidademarketing","https:\/\/x.com\/CidadeMarketing","https:\/\/www.instagram.com\/cidademarketing\/"]},{"@type":"Person","@id":"https:\/\/www.cidademarketing.com.br\/marketing\/#\/schema\/person\/02daff9f18bd9378c9e01eb6b2db155f","name":"Thales Brand\u00e3o","image":{"@type":"ImageObject","inLanguage":"pt-BR","@id":"https:\/\/secure.gravatar.com\/avatar\/7ca3206950207cc3cb48feec56a8a7898741ab725c368d99d5d7a5a50aab80c6?s=96&d=mm&r=g","url":"https:\/\/secure.gravatar.com\/avatar\/7ca3206950207cc3cb48feec56a8a7898741ab725c368d99d5d7a5a50aab80c6?s=96&d=mm&r=g","contentUrl":"https:\/\/secure.gravatar.com\/avatar\/7ca3206950207cc3cb48feec56a8a7898741ab725c368d99d5d7a5a50aab80c6?s=96&d=mm&r=g","caption":"Thales Brand\u00e3o"},"description":"Editor Executivo do Portal CidadeMarketing.com.br &gt; Mestre em Comunica\u00e7\u00e3o e Sociedade pela Universidade Federal de Sergipe. Possui MBA Executivo em Administra\u00e7\u00e3o com \u00eanfase em Marketing pela Funda\u00e7\u00e3o Get\u00falio Vargas - Rio de Janeiro. Consultor, Palestrante e Pesquisador sobre Empreendedorismo, Marketing, Redes Sociais e Neg\u00f3cios Digitais. Professor, Palestrante TedxTalks e Campus Party. Twitter: @ThalesBrandao","sameAs":["http:\/\/www.mandacaru.com.br","https:\/\/www.facebook.com\/thalesbrandao","http:\/\/www.instagram.com.br\/thalesbrandaoferreira","https:\/\/www.linkedin.com\/in\/thales-brand\u00e3o-3948609\/","https:\/\/x.com\/http:\/\/www.twitter.com\/thalesbrandao"],"url":"https:\/\/www.cidademarketing.com.br\/marketing\/author\/thalesbrandao\/"}]}},"amp_enabled":true,"_links":{"self":[{"href":"https:\/\/www.cidademarketing.com.br\/marketing\/wp-json\/wp\/v2\/posts\/10259","targetHints":{"allow":["GET"]}}],"collection":[{"href":"https:\/\/www.cidademarketing.com.br\/marketing\/wp-json\/wp\/v2\/posts"}],"about":[{"href":"https:\/\/www.cidademarketing.com.br\/marketing\/wp-json\/wp\/v2\/types\/post"}],"author":[{"embeddable":true,"href":"https:\/\/www.cidademarketing.com.br\/marketing\/wp-json\/wp\/v2\/users\/1"}],"replies":[{"embeddable":true,"href":"https:\/\/www.cidademarketing.com.br\/marketing\/wp-json\/wp\/v2\/comments?post=10259"}],"version-history":[{"count":1,"href":"https:\/\/www.cidademarketing.com.br\/marketing\/wp-json\/wp\/v2\/posts\/10259\/revisions"}],"predecessor-version":[{"id":10262,"href":"https:\/\/www.cidademarketing.com.br\/marketing\/wp-json\/wp\/v2\/posts\/10259\/revisions\/10262"}],"wp:featuredmedia":[{"embeddable":true,"href":"https:\/\/www.cidademarketing.com.br\/marketing\/wp-json\/wp\/v2\/media\/10261"}],"wp:attachment":[{"href":"https:\/\/www.cidademarketing.com.br\/marketing\/wp-json\/wp\/v2\/media?parent=10259"}],"wp:term":[{"taxonomy":"category","embeddable":true,"href":"https:\/\/www.cidademarketing.com.br\/marketing\/wp-json\/wp\/v2\/categories?post=10259"},{"taxonomy":"post_tag","embeddable":true,"href":"https:\/\/www.cidademarketing.com.br\/marketing\/wp-json\/wp\/v2\/tags?post=10259"}],"curies":[{"name":"wp","href":"https:\/\/api.w.org\/{rel}","templated":true}]}}