{"id":10236,"date":"2019-07-22T23:09:19","date_gmt":"2019-07-22T19:09:19","guid":{"rendered":"https:\/\/www.cidademarketing.com.br\/marketing\/?p=10236"},"modified":"2019-07-22T23:10:17","modified_gmt":"2019-07-22T19:10:17","slug":"com-uso-de-r-809-mi-de-reserva-de-emergencia-governo-federal-resolve-contingenciar-mais-r-1443-bilhao-de-verbas","status":"publish","type":"post","link":"https:\/\/www.cidademarketing.com.br\/marketing\/2019\/07\/22\/com-uso-de-r-809-mi-de-reserva-de-emergencia-governo-federal-resolve-contingenciar-mais-r-1443-bilhao-de-verbas\/","title":{"rendered":"Com uso de R$ 809 mi de reserva de emerg\u00eancia, Governo Federal resolve contingenciar mais R$ 1,443 bilh\u00e3o de verbas"},"content":{"rendered":"\n<p>A revis\u00e3o para baixo do crescimento da economia brasileira em 2019 fez a equipe econ\u00f4mica anunciar um novo bloqueio no Or\u00e7amento. Segundo o Relat\u00f3rio Bimestral de Avalia\u00e7\u00e3o de Receitas e Despesas, divulgado hoje (22) pelo Minist\u00e9rio da Economia, o governo decidiu contingenciar mais R$ 1,443 bilh\u00e3o de verbas do Poder Executivo.<\/p>\n\n\n\n<p>Agora, o valor contingenciado do Or\u00e7amento de 2019 soma R$ 31,224 bilh\u00f5es. Originalmente, o governo teria de contingenciar R$ 2,252 bilh\u00f5es, mas a equipe econ\u00f4mica usou R$ 809 milh\u00f5es de uma reserva de emerg\u00eancia criada em mar\u00e7o, reduzindo o valor do bloqueio adicional para R$ 1,443 bilh\u00e3o.<\/p>\n\n\n\n<p>A distribui\u00e7\u00e3o do contingenciamento pelas pastas s\u00f3 ser\u00e1 anunciada na pr\u00f3xima semana, quando o governo editar\u00e1 um decreto detalhando o bloqueio. Os poderes Legislativo e Judici\u00e1rio, o Minist\u00e9rio P\u00fablico da Uni\u00e3o e a Defensoria P\u00fablica da Uni\u00e3o ter\u00e3o um contingenciamento adicional de R$ 16 milh\u00f5es.<\/p>\n\n\n\n<p>Enviado a cada dois meses ao Congresso Nacional, o Relat\u00f3rio Bimestral de Receitas e Despesas orienta a execu\u00e7\u00e3o do Or\u00e7amento Geral da Uni\u00e3o com base na revis\u00e3o dos par\u00e2metros econ\u00f4micos e das receitas da Uni\u00e3o. Caso as receitas caiam, o governo tem de fazer novos bloqueios para cumprir a meta de d\u00e9ficit prim\u00e1rio \u2013 resultado negativo nas contas do governo sem os juros da d\u00edvida p\u00fablica \u2013 de R$ 139 bilh\u00f5es para este ano.<\/p>\n\n\n\n<h2 class=\"wp-block-heading\">Retra\u00e7\u00e3o<\/h2>\n\n\n\n<p>H\u00e1 dez dias, o governo\u00a0reduziu de 1,6% para 0,8%\u00a0a proje\u00e7\u00e3o de crescimento para o Produto Interno Bruto (PIB, soma das riquezas produzidas no pa\u00eds). A diminui\u00e7\u00e3o do crescimento impacta a arrecada\u00e7\u00e3o porque a desacelera\u00e7\u00e3o econ\u00f4mica reduz o pagamento de impostos em rela\u00e7\u00e3o ao originalmente planejado.<\/p>\n\n\n\n<p>Em mar\u00e7o, o governo tinha criado uma\u00a0reserva de emerg\u00eancia\u00a0de R$ 5,37 bilh\u00f5es para evitar novos contingenciamentos. No fim de maio, o governo usou\u00a0parte dessas reservas\u00a0para evitar um contingenciamento e liberar recursos para os minist\u00e9rios da Educa\u00e7\u00e3o e do Meio Ambiente. Agora, o governo queimou mais R$ 809 milh\u00f5es da reserva, zerando o colch\u00e3o de emerg\u00eancia.<\/p>\n\n\n\n<h2 class=\"wp-block-heading\">Receitas<\/h2>\n\n\n\n<p>A equipe econ\u00f4mica revisou as receitas para baixo em R$ 5,296 bilh\u00f5es. As principais diminui\u00e7\u00f5es vieram da diminui\u00e7\u00e3o da arrecada\u00e7\u00e3o do Programa de Integra\u00e7\u00e3o Social (PIS) e da Contribui\u00e7\u00e3o para o Financiamento da Seguridade Social (Cofins), com recuo de R$ 6,8 bilh\u00f5es, devido ao baixo crescimento da economia e ao aumento no pedido de compensa\u00e7\u00f5es tribut\u00e1rias por empresas. O menor lucro das empresas reduziu a proje\u00e7\u00e3o de arrecada\u00e7\u00e3o do Imposto de Renda em R$ 1,9 bilh\u00e3o.<\/p>\n\n\n\n<p>Outras receitas, como a arrecada\u00e7\u00e3o l\u00edquida da Previd\u00eancia Social, subiu em R$ 1,477 bilh\u00e3o. A receita de&nbsp;<em>royalties&nbsp;<\/em>de recursos naturais foi elevada em R$ 1,1 bilh\u00e3o \u2013 R$ 485,2 milh\u00f5es de&nbsp;<em>royalties&nbsp;<\/em>de min\u00e9rios e R$ 641 milh\u00f5es para&nbsp;<em>royalties&nbsp;<\/em>de petr\u00f3leo.<\/p>\n\n\n\n<p>O contingenciamento poderia ter sido maior se o governo n\u00e3o tivesse revisado para baixo as despesas obrigat\u00f3rias em R$ 3,47 bilh\u00f5es. As principais diminui\u00e7\u00f5es vieram dos cr\u00e9ditos extraordin\u00e1rios para o subs\u00eddio ao \u00f3leo diesel (-R$ 1,9 bilh\u00e3o) e no pagamento de senten\u00e7as judiciais e precat\u00f3rios (-R$ 1,5 bilh\u00e3o).<\/p>\n\n\n\n<p>CidadeMarketing com informa\u00e7\u00f5es da EBC.<\/p>\n","protected":false},"excerpt":{"rendered":"<p>A revis\u00e3o para baixo do crescimento da economia brasileira em 2019 fez a equipe econ\u00f4mica anunciar um novo bloqueio no Or\u00e7amento. Segundo o Relat\u00f3rio Bimestral de Avalia\u00e7\u00e3o de Receitas e Despesas, divulgado hoje (22) pelo Minist\u00e9rio da Economia, o governo decidiu contingenciar mais R$ 1,443 bilh\u00e3o de verbas do Poder Executivo. Agora, o valor contingenciado [&hellip;]<\/p>\n","protected":false},"author":1,"featured_media":9453,"comment_status":"open","ping_status":"open","sticky":false,"template":"","format":"standard","meta":{"tdm_status":"","tdm_grid_status":"","footnotes":""},"categories":[6],"tags":[2160,1102,60,28],"class_list":["post-10236","post","type-post","status-publish","format-standard","has-post-thumbnail","hentry","category-noticias","tag-contingenciamento","tag-dinheiro","tag-governo-federal","tag-marketing"],"yoast_head":"<!-- This site is optimized with the Yoast SEO plugin v27.5 - https:\/\/yoast.com\/product\/yoast-seo-wordpress\/ -->\n<title>Com uso de R$ 809 mi de reserva de emerg\u00eancia, Governo Federal resolve contingenciar mais R$ 1,443 bilh\u00e3o de verbas - CidadeMarketing<\/title>\n<meta name=\"robots\" content=\"index, follow, max-snippet:-1, max-image-preview:large, max-video-preview:-1\" \/>\n<link rel=\"canonical\" href=\"https:\/\/www.cidademarketing.com.br\/marketing\/2019\/07\/22\/com-uso-de-r-809-mi-de-reserva-de-emergencia-governo-federal-resolve-contingenciar-mais-r-1443-bilhao-de-verbas\/\" \/>\n<meta property=\"og:locale\" content=\"pt_BR\" \/>\n<meta property=\"og:type\" content=\"article\" \/>\n<meta property=\"og:title\" content=\"Com uso de R$ 809 mi de reserva de emerg\u00eancia, Governo Federal resolve contingenciar mais R$ 1,443 bilh\u00e3o de verbas - CidadeMarketing\" \/>\n<meta property=\"og:description\" content=\"A revis\u00e3o para baixo do crescimento da economia brasileira em 2019 fez a equipe econ\u00f4mica anunciar um novo bloqueio no Or\u00e7amento. Segundo o Relat\u00f3rio Bimestral de Avalia\u00e7\u00e3o de Receitas e Despesas, divulgado hoje (22) pelo Minist\u00e9rio da Economia, o governo decidiu contingenciar mais R$ 1,443 bilh\u00e3o de verbas do Poder Executivo. Agora, o valor contingenciado [&hellip;]\" \/>\n<meta property=\"og:url\" content=\"https:\/\/www.cidademarketing.com.br\/marketing\/2019\/07\/22\/com-uso-de-r-809-mi-de-reserva-de-emergencia-governo-federal-resolve-contingenciar-mais-r-1443-bilhao-de-verbas\/\" \/>\n<meta property=\"og:site_name\" content=\"CidadeMarketing\" \/>\n<meta property=\"article:publisher\" content=\"https:\/\/www.facebook.com\/portalcidademarketing\" \/>\n<meta property=\"article:author\" content=\"https:\/\/www.facebook.com\/thalesbrandao\" \/>\n<meta property=\"article:published_time\" content=\"2019-07-22T19:09:19+00:00\" \/>\n<meta property=\"article:modified_time\" content=\"2019-07-22T19:10:17+00:00\" \/>\n<meta property=\"og:image\" content=\"https:\/\/www.cidademarketing.com.br\/marketing\/wp-content\/uploads\/2019\/06\/dinheiro_-1024x576.jpg\" \/>\n\t<meta property=\"og:image:width\" content=\"1024\" \/>\n\t<meta property=\"og:image:height\" content=\"576\" \/>\n\t<meta property=\"og:image:type\" content=\"image\/jpeg\" \/>\n<meta name=\"author\" content=\"Thales Brand\u00e3o\" \/>\n<meta name=\"twitter:card\" content=\"summary_large_image\" \/>\n<meta name=\"twitter:creator\" content=\"@http:\/\/www.twitter.com\/thalesbrandao\" \/>\n<meta name=\"twitter:site\" content=\"@CidadeMarketing\" \/>\n<meta name=\"twitter:label1\" content=\"Escrito por\" \/>\n\t<meta name=\"twitter:data1\" content=\"Thales Brand\u00e3o\" \/>\n\t<meta name=\"twitter:label2\" content=\"Est. tempo de leitura\" \/>\n\t<meta name=\"twitter:data2\" content=\"3 minutos\" \/>\n<script type=\"application\/ld+json\" class=\"yoast-schema-graph\">{\"@context\":\"https:\\\/\\\/schema.org\",\"@graph\":[{\"@type\":\"Article\",\"@id\":\"https:\\\/\\\/www.cidademarketing.com.br\\\/marketing\\\/2019\\\/07\\\/22\\\/com-uso-de-r-809-mi-de-reserva-de-emergencia-governo-federal-resolve-contingenciar-mais-r-1443-bilhao-de-verbas\\\/#article\",\"isPartOf\":{\"@id\":\"https:\\\/\\\/www.cidademarketing.com.br\\\/marketing\\\/2019\\\/07\\\/22\\\/com-uso-de-r-809-mi-de-reserva-de-emergencia-governo-federal-resolve-contingenciar-mais-r-1443-bilhao-de-verbas\\\/\"},\"author\":{\"name\":\"Thales Brand\u00e3o\",\"@id\":\"https:\\\/\\\/www.cidademarketing.com.br\\\/marketing\\\/#\\\/schema\\\/person\\\/02daff9f18bd9378c9e01eb6b2db155f\"},\"headline\":\"Com uso de R$ 809 mi de reserva de emerg\u00eancia, Governo Federal resolve contingenciar mais R$ 1,443 bilh\u00e3o de verbas\",\"datePublished\":\"2019-07-22T19:09:19+00:00\",\"dateModified\":\"2019-07-22T19:10:17+00:00\",\"mainEntityOfPage\":{\"@id\":\"https:\\\/\\\/www.cidademarketing.com.br\\\/marketing\\\/2019\\\/07\\\/22\\\/com-uso-de-r-809-mi-de-reserva-de-emergencia-governo-federal-resolve-contingenciar-mais-r-1443-bilhao-de-verbas\\\/\"},\"wordCount\":584,\"commentCount\":0,\"publisher\":{\"@id\":\"https:\\\/\\\/www.cidademarketing.com.br\\\/marketing\\\/#organization\"},\"image\":{\"@id\":\"https:\\\/\\\/www.cidademarketing.com.br\\\/marketing\\\/2019\\\/07\\\/22\\\/com-uso-de-r-809-mi-de-reserva-de-emergencia-governo-federal-resolve-contingenciar-mais-r-1443-bilhao-de-verbas\\\/#primaryimage\"},\"thumbnailUrl\":\"https:\\\/\\\/www.cidademarketing.com.br\\\/marketing\\\/wp-content\\\/uploads\\\/2019\\\/06\\\/dinheiro_.jpg\",\"keywords\":[\"contingenciamento\",\"dinheiro\",\"Governo Federal\",\"marketing\"],\"articleSection\":[\"Not\u00edcias\"],\"inLanguage\":\"pt-BR\",\"potentialAction\":[{\"@type\":\"CommentAction\",\"name\":\"Comment\",\"target\":[\"https:\\\/\\\/www.cidademarketing.com.br\\\/marketing\\\/2019\\\/07\\\/22\\\/com-uso-de-r-809-mi-de-reserva-de-emergencia-governo-federal-resolve-contingenciar-mais-r-1443-bilhao-de-verbas\\\/#respond\"]}]},{\"@type\":\"WebPage\",\"@id\":\"https:\\\/\\\/www.cidademarketing.com.br\\\/marketing\\\/2019\\\/07\\\/22\\\/com-uso-de-r-809-mi-de-reserva-de-emergencia-governo-federal-resolve-contingenciar-mais-r-1443-bilhao-de-verbas\\\/\",\"url\":\"https:\\\/\\\/www.cidademarketing.com.br\\\/marketing\\\/2019\\\/07\\\/22\\\/com-uso-de-r-809-mi-de-reserva-de-emergencia-governo-federal-resolve-contingenciar-mais-r-1443-bilhao-de-verbas\\\/\",\"name\":\"Com uso de R$ 809 mi de reserva de emerg\u00eancia, Governo Federal resolve contingenciar mais R$ 1,443 bilh\u00e3o de verbas - CidadeMarketing\",\"isPartOf\":{\"@id\":\"https:\\\/\\\/www.cidademarketing.com.br\\\/marketing\\\/#website\"},\"primaryImageOfPage\":{\"@id\":\"https:\\\/\\\/www.cidademarketing.com.br\\\/marketing\\\/2019\\\/07\\\/22\\\/com-uso-de-r-809-mi-de-reserva-de-emergencia-governo-federal-resolve-contingenciar-mais-r-1443-bilhao-de-verbas\\\/#primaryimage\"},\"image\":{\"@id\":\"https:\\\/\\\/www.cidademarketing.com.br\\\/marketing\\\/2019\\\/07\\\/22\\\/com-uso-de-r-809-mi-de-reserva-de-emergencia-governo-federal-resolve-contingenciar-mais-r-1443-bilhao-de-verbas\\\/#primaryimage\"},\"thumbnailUrl\":\"https:\\\/\\\/www.cidademarketing.com.br\\\/marketing\\\/wp-content\\\/uploads\\\/2019\\\/06\\\/dinheiro_.jpg\",\"datePublished\":\"2019-07-22T19:09:19+00:00\",\"dateModified\":\"2019-07-22T19:10:17+00:00\",\"breadcrumb\":{\"@id\":\"https:\\\/\\\/www.cidademarketing.com.br\\\/marketing\\\/2019\\\/07\\\/22\\\/com-uso-de-r-809-mi-de-reserva-de-emergencia-governo-federal-resolve-contingenciar-mais-r-1443-bilhao-de-verbas\\\/#breadcrumb\"},\"inLanguage\":\"pt-BR\",\"potentialAction\":[{\"@type\":\"ReadAction\",\"target\":[\"https:\\\/\\\/www.cidademarketing.com.br\\\/marketing\\\/2019\\\/07\\\/22\\\/com-uso-de-r-809-mi-de-reserva-de-emergencia-governo-federal-resolve-contingenciar-mais-r-1443-bilhao-de-verbas\\\/\"]}]},{\"@type\":\"ImageObject\",\"inLanguage\":\"pt-BR\",\"@id\":\"https:\\\/\\\/www.cidademarketing.com.br\\\/marketing\\\/2019\\\/07\\\/22\\\/com-uso-de-r-809-mi-de-reserva-de-emergencia-governo-federal-resolve-contingenciar-mais-r-1443-bilhao-de-verbas\\\/#primaryimage\",\"url\":\"https:\\\/\\\/www.cidademarketing.com.br\\\/marketing\\\/wp-content\\\/uploads\\\/2019\\\/06\\\/dinheiro_.jpg\",\"contentUrl\":\"https:\\\/\\\/www.cidademarketing.com.br\\\/marketing\\\/wp-content\\\/uploads\\\/2019\\\/06\\\/dinheiro_.jpg\",\"width\":1920,\"height\":1080},{\"@type\":\"BreadcrumbList\",\"@id\":\"https:\\\/\\\/www.cidademarketing.com.br\\\/marketing\\\/2019\\\/07\\\/22\\\/com-uso-de-r-809-mi-de-reserva-de-emergencia-governo-federal-resolve-contingenciar-mais-r-1443-bilhao-de-verbas\\\/#breadcrumb\",\"itemListElement\":[{\"@type\":\"ListItem\",\"position\":1,\"name\":\"In\u00edcio\",\"item\":\"https:\\\/\\\/www.cidademarketing.com.br\\\/marketing\\\/\"},{\"@type\":\"ListItem\",\"position\":2,\"name\":\"Com uso de R$ 809 mi de reserva de emerg\u00eancia, Governo Federal resolve contingenciar mais R$ 1,443 bilh\u00e3o de verbas\"}]},{\"@type\":\"WebSite\",\"@id\":\"https:\\\/\\\/www.cidademarketing.com.br\\\/marketing\\\/#website\",\"url\":\"https:\\\/\\\/www.cidademarketing.com.br\\\/marketing\\\/\",\"name\":\"CidadeMarketing\",\"description\":\"Somos um ve\u00edculo de comunica\u00e7\u00e3o de destaque no Brasil, reconhecido por conte\u00fados nos segmentos de marketing, empreendedorismo e inova\u00e7\u00e3o.\",\"publisher\":{\"@id\":\"https:\\\/\\\/www.cidademarketing.com.br\\\/marketing\\\/#organization\"},\"alternateName\":\"CidadeMarketing\",\"potentialAction\":[{\"@type\":\"SearchAction\",\"target\":{\"@type\":\"EntryPoint\",\"urlTemplate\":\"https:\\\/\\\/www.cidademarketing.com.br\\\/marketing\\\/?s={search_term_string}\"},\"query-input\":{\"@type\":\"PropertyValueSpecification\",\"valueRequired\":true,\"valueName\":\"search_term_string\"}}],\"inLanguage\":\"pt-BR\"},{\"@type\":\"Organization\",\"@id\":\"https:\\\/\\\/www.cidademarketing.com.br\\\/marketing\\\/#organization\",\"name\":\"CidadeMarketing\",\"alternateName\":\"CidadeMarketing\",\"url\":\"https:\\\/\\\/www.cidademarketing.com.br\\\/marketing\\\/\",\"logo\":{\"@type\":\"ImageObject\",\"inLanguage\":\"pt-BR\",\"@id\":\"https:\\\/\\\/www.cidademarketing.com.br\\\/marketing\\\/#\\\/schema\\\/logo\\\/image\\\/\",\"url\":\"https:\\\/\\\/www.cidademarketing.com.br\\\/marketing\\\/wp-content\\\/uploads\\\/2020\\\/01\\\/cidademarketing_marca_mobile.png\",\"contentUrl\":\"https:\\\/\\\/www.cidademarketing.com.br\\\/marketing\\\/wp-content\\\/uploads\\\/2020\\\/01\\\/cidademarketing_marca_mobile.png\",\"width\":230,\"height\":92,\"caption\":\"CidadeMarketing\"},\"image\":{\"@id\":\"https:\\\/\\\/www.cidademarketing.com.br\\\/marketing\\\/#\\\/schema\\\/logo\\\/image\\\/\"},\"sameAs\":[\"https:\\\/\\\/www.facebook.com\\\/portalcidademarketing\",\"https:\\\/\\\/x.com\\\/CidadeMarketing\",\"https:\\\/\\\/www.instagram.com\\\/cidademarketing\\\/\"]},{\"@type\":\"Person\",\"@id\":\"https:\\\/\\\/www.cidademarketing.com.br\\\/marketing\\\/#\\\/schema\\\/person\\\/02daff9f18bd9378c9e01eb6b2db155f\",\"name\":\"Thales Brand\u00e3o\",\"image\":{\"@type\":\"ImageObject\",\"inLanguage\":\"pt-BR\",\"@id\":\"https:\\\/\\\/secure.gravatar.com\\\/avatar\\\/7ca3206950207cc3cb48feec56a8a7898741ab725c368d99d5d7a5a50aab80c6?s=96&d=mm&r=g\",\"url\":\"https:\\\/\\\/secure.gravatar.com\\\/avatar\\\/7ca3206950207cc3cb48feec56a8a7898741ab725c368d99d5d7a5a50aab80c6?s=96&d=mm&r=g\",\"contentUrl\":\"https:\\\/\\\/secure.gravatar.com\\\/avatar\\\/7ca3206950207cc3cb48feec56a8a7898741ab725c368d99d5d7a5a50aab80c6?s=96&d=mm&r=g\",\"caption\":\"Thales Brand\u00e3o\"},\"description\":\"Editor Executivo do Portal CidadeMarketing.com.br &gt; Mestre em Comunica\u00e7\u00e3o e Sociedade pela Universidade Federal de Sergipe. Possui MBA Executivo em Administra\u00e7\u00e3o com \u00eanfase em Marketing pela Funda\u00e7\u00e3o Get\u00falio Vargas - Rio de Janeiro. Consultor, Palestrante e Pesquisador sobre Empreendedorismo, Marketing, Redes Sociais e Neg\u00f3cios Digitais. Professor, Palestrante TedxTalks e Campus Party. Twitter: @ThalesBrandao\",\"sameAs\":[\"http:\\\/\\\/www.mandacaru.com.br\",\"https:\\\/\\\/www.facebook.com\\\/thalesbrandao\",\"http:\\\/\\\/www.instagram.com.br\\\/thalesbrandaoferreira\",\"https:\\\/\\\/www.linkedin.com\\\/in\\\/thales-brand\u00e3o-3948609\\\/\",\"https:\\\/\\\/x.com\\\/http:\\\/\\\/www.twitter.com\\\/thalesbrandao\"],\"url\":\"https:\\\/\\\/www.cidademarketing.com.br\\\/marketing\\\/author\\\/thalesbrandao\\\/\"}]}<\/script>\n<!-- \/ Yoast SEO plugin. -->","yoast_head_json":{"title":"Com uso de R$ 809 mi de reserva de emerg\u00eancia, Governo Federal resolve contingenciar mais R$ 1,443 bilh\u00e3o de verbas - CidadeMarketing","robots":{"index":"index","follow":"follow","max-snippet":"max-snippet:-1","max-image-preview":"max-image-preview:large","max-video-preview":"max-video-preview:-1"},"canonical":"https:\/\/www.cidademarketing.com.br\/marketing\/2019\/07\/22\/com-uso-de-r-809-mi-de-reserva-de-emergencia-governo-federal-resolve-contingenciar-mais-r-1443-bilhao-de-verbas\/","og_locale":"pt_BR","og_type":"article","og_title":"Com uso de R$ 809 mi de reserva de emerg\u00eancia, Governo Federal resolve contingenciar mais R$ 1,443 bilh\u00e3o de verbas - CidadeMarketing","og_description":"A revis\u00e3o para baixo do crescimento da economia brasileira em 2019 fez a equipe econ\u00f4mica anunciar um novo bloqueio no Or\u00e7amento. Segundo o Relat\u00f3rio Bimestral de Avalia\u00e7\u00e3o de Receitas e Despesas, divulgado hoje (22) pelo Minist\u00e9rio da Economia, o governo decidiu contingenciar mais R$ 1,443 bilh\u00e3o de verbas do Poder Executivo. Agora, o valor contingenciado [&hellip;]","og_url":"https:\/\/www.cidademarketing.com.br\/marketing\/2019\/07\/22\/com-uso-de-r-809-mi-de-reserva-de-emergencia-governo-federal-resolve-contingenciar-mais-r-1443-bilhao-de-verbas\/","og_site_name":"CidadeMarketing","article_publisher":"https:\/\/www.facebook.com\/portalcidademarketing","article_author":"https:\/\/www.facebook.com\/thalesbrandao","article_published_time":"2019-07-22T19:09:19+00:00","article_modified_time":"2019-07-22T19:10:17+00:00","og_image":[{"width":1024,"height":576,"url":"https:\/\/www.cidademarketing.com.br\/marketing\/wp-content\/uploads\/2019\/06\/dinheiro_-1024x576.jpg","type":"image\/jpeg"}],"author":"Thales Brand\u00e3o","twitter_card":"summary_large_image","twitter_creator":"@http:\/\/www.twitter.com\/thalesbrandao","twitter_site":"@CidadeMarketing","twitter_misc":{"Escrito por":"Thales Brand\u00e3o","Est. tempo de leitura":"3 minutos"},"schema":{"@context":"https:\/\/schema.org","@graph":[{"@type":"Article","@id":"https:\/\/www.cidademarketing.com.br\/marketing\/2019\/07\/22\/com-uso-de-r-809-mi-de-reserva-de-emergencia-governo-federal-resolve-contingenciar-mais-r-1443-bilhao-de-verbas\/#article","isPartOf":{"@id":"https:\/\/www.cidademarketing.com.br\/marketing\/2019\/07\/22\/com-uso-de-r-809-mi-de-reserva-de-emergencia-governo-federal-resolve-contingenciar-mais-r-1443-bilhao-de-verbas\/"},"author":{"name":"Thales Brand\u00e3o","@id":"https:\/\/www.cidademarketing.com.br\/marketing\/#\/schema\/person\/02daff9f18bd9378c9e01eb6b2db155f"},"headline":"Com uso de R$ 809 mi de reserva de emerg\u00eancia, Governo Federal resolve contingenciar mais R$ 1,443 bilh\u00e3o de verbas","datePublished":"2019-07-22T19:09:19+00:00","dateModified":"2019-07-22T19:10:17+00:00","mainEntityOfPage":{"@id":"https:\/\/www.cidademarketing.com.br\/marketing\/2019\/07\/22\/com-uso-de-r-809-mi-de-reserva-de-emergencia-governo-federal-resolve-contingenciar-mais-r-1443-bilhao-de-verbas\/"},"wordCount":584,"commentCount":0,"publisher":{"@id":"https:\/\/www.cidademarketing.com.br\/marketing\/#organization"},"image":{"@id":"https:\/\/www.cidademarketing.com.br\/marketing\/2019\/07\/22\/com-uso-de-r-809-mi-de-reserva-de-emergencia-governo-federal-resolve-contingenciar-mais-r-1443-bilhao-de-verbas\/#primaryimage"},"thumbnailUrl":"https:\/\/www.cidademarketing.com.br\/marketing\/wp-content\/uploads\/2019\/06\/dinheiro_.jpg","keywords":["contingenciamento","dinheiro","Governo Federal","marketing"],"articleSection":["Not\u00edcias"],"inLanguage":"pt-BR","potentialAction":[{"@type":"CommentAction","name":"Comment","target":["https:\/\/www.cidademarketing.com.br\/marketing\/2019\/07\/22\/com-uso-de-r-809-mi-de-reserva-de-emergencia-governo-federal-resolve-contingenciar-mais-r-1443-bilhao-de-verbas\/#respond"]}]},{"@type":"WebPage","@id":"https:\/\/www.cidademarketing.com.br\/marketing\/2019\/07\/22\/com-uso-de-r-809-mi-de-reserva-de-emergencia-governo-federal-resolve-contingenciar-mais-r-1443-bilhao-de-verbas\/","url":"https:\/\/www.cidademarketing.com.br\/marketing\/2019\/07\/22\/com-uso-de-r-809-mi-de-reserva-de-emergencia-governo-federal-resolve-contingenciar-mais-r-1443-bilhao-de-verbas\/","name":"Com uso de R$ 809 mi de reserva de emerg\u00eancia, Governo Federal resolve contingenciar mais R$ 1,443 bilh\u00e3o de verbas - CidadeMarketing","isPartOf":{"@id":"https:\/\/www.cidademarketing.com.br\/marketing\/#website"},"primaryImageOfPage":{"@id":"https:\/\/www.cidademarketing.com.br\/marketing\/2019\/07\/22\/com-uso-de-r-809-mi-de-reserva-de-emergencia-governo-federal-resolve-contingenciar-mais-r-1443-bilhao-de-verbas\/#primaryimage"},"image":{"@id":"https:\/\/www.cidademarketing.com.br\/marketing\/2019\/07\/22\/com-uso-de-r-809-mi-de-reserva-de-emergencia-governo-federal-resolve-contingenciar-mais-r-1443-bilhao-de-verbas\/#primaryimage"},"thumbnailUrl":"https:\/\/www.cidademarketing.com.br\/marketing\/wp-content\/uploads\/2019\/06\/dinheiro_.jpg","datePublished":"2019-07-22T19:09:19+00:00","dateModified":"2019-07-22T19:10:17+00:00","breadcrumb":{"@id":"https:\/\/www.cidademarketing.com.br\/marketing\/2019\/07\/22\/com-uso-de-r-809-mi-de-reserva-de-emergencia-governo-federal-resolve-contingenciar-mais-r-1443-bilhao-de-verbas\/#breadcrumb"},"inLanguage":"pt-BR","potentialAction":[{"@type":"ReadAction","target":["https:\/\/www.cidademarketing.com.br\/marketing\/2019\/07\/22\/com-uso-de-r-809-mi-de-reserva-de-emergencia-governo-federal-resolve-contingenciar-mais-r-1443-bilhao-de-verbas\/"]}]},{"@type":"ImageObject","inLanguage":"pt-BR","@id":"https:\/\/www.cidademarketing.com.br\/marketing\/2019\/07\/22\/com-uso-de-r-809-mi-de-reserva-de-emergencia-governo-federal-resolve-contingenciar-mais-r-1443-bilhao-de-verbas\/#primaryimage","url":"https:\/\/www.cidademarketing.com.br\/marketing\/wp-content\/uploads\/2019\/06\/dinheiro_.jpg","contentUrl":"https:\/\/www.cidademarketing.com.br\/marketing\/wp-content\/uploads\/2019\/06\/dinheiro_.jpg","width":1920,"height":1080},{"@type":"BreadcrumbList","@id":"https:\/\/www.cidademarketing.com.br\/marketing\/2019\/07\/22\/com-uso-de-r-809-mi-de-reserva-de-emergencia-governo-federal-resolve-contingenciar-mais-r-1443-bilhao-de-verbas\/#breadcrumb","itemListElement":[{"@type":"ListItem","position":1,"name":"In\u00edcio","item":"https:\/\/www.cidademarketing.com.br\/marketing\/"},{"@type":"ListItem","position":2,"name":"Com uso de R$ 809 mi de reserva de emerg\u00eancia, Governo Federal resolve contingenciar mais R$ 1,443 bilh\u00e3o de verbas"}]},{"@type":"WebSite","@id":"https:\/\/www.cidademarketing.com.br\/marketing\/#website","url":"https:\/\/www.cidademarketing.com.br\/marketing\/","name":"CidadeMarketing","description":"Somos um ve\u00edculo de comunica\u00e7\u00e3o de destaque no Brasil, reconhecido por conte\u00fados nos segmentos de marketing, empreendedorismo e inova\u00e7\u00e3o.","publisher":{"@id":"https:\/\/www.cidademarketing.com.br\/marketing\/#organization"},"alternateName":"CidadeMarketing","potentialAction":[{"@type":"SearchAction","target":{"@type":"EntryPoint","urlTemplate":"https:\/\/www.cidademarketing.com.br\/marketing\/?s={search_term_string}"},"query-input":{"@type":"PropertyValueSpecification","valueRequired":true,"valueName":"search_term_string"}}],"inLanguage":"pt-BR"},{"@type":"Organization","@id":"https:\/\/www.cidademarketing.com.br\/marketing\/#organization","name":"CidadeMarketing","alternateName":"CidadeMarketing","url":"https:\/\/www.cidademarketing.com.br\/marketing\/","logo":{"@type":"ImageObject","inLanguage":"pt-BR","@id":"https:\/\/www.cidademarketing.com.br\/marketing\/#\/schema\/logo\/image\/","url":"https:\/\/www.cidademarketing.com.br\/marketing\/wp-content\/uploads\/2020\/01\/cidademarketing_marca_mobile.png","contentUrl":"https:\/\/www.cidademarketing.com.br\/marketing\/wp-content\/uploads\/2020\/01\/cidademarketing_marca_mobile.png","width":230,"height":92,"caption":"CidadeMarketing"},"image":{"@id":"https:\/\/www.cidademarketing.com.br\/marketing\/#\/schema\/logo\/image\/"},"sameAs":["https:\/\/www.facebook.com\/portalcidademarketing","https:\/\/x.com\/CidadeMarketing","https:\/\/www.instagram.com\/cidademarketing\/"]},{"@type":"Person","@id":"https:\/\/www.cidademarketing.com.br\/marketing\/#\/schema\/person\/02daff9f18bd9378c9e01eb6b2db155f","name":"Thales Brand\u00e3o","image":{"@type":"ImageObject","inLanguage":"pt-BR","@id":"https:\/\/secure.gravatar.com\/avatar\/7ca3206950207cc3cb48feec56a8a7898741ab725c368d99d5d7a5a50aab80c6?s=96&d=mm&r=g","url":"https:\/\/secure.gravatar.com\/avatar\/7ca3206950207cc3cb48feec56a8a7898741ab725c368d99d5d7a5a50aab80c6?s=96&d=mm&r=g","contentUrl":"https:\/\/secure.gravatar.com\/avatar\/7ca3206950207cc3cb48feec56a8a7898741ab725c368d99d5d7a5a50aab80c6?s=96&d=mm&r=g","caption":"Thales Brand\u00e3o"},"description":"Editor Executivo do Portal CidadeMarketing.com.br &gt; Mestre em Comunica\u00e7\u00e3o e Sociedade pela Universidade Federal de Sergipe. Possui MBA Executivo em Administra\u00e7\u00e3o com \u00eanfase em Marketing pela Funda\u00e7\u00e3o Get\u00falio Vargas - Rio de Janeiro. Consultor, Palestrante e Pesquisador sobre Empreendedorismo, Marketing, Redes Sociais e Neg\u00f3cios Digitais. Professor, Palestrante TedxTalks e Campus Party. Twitter: @ThalesBrandao","sameAs":["http:\/\/www.mandacaru.com.br","https:\/\/www.facebook.com\/thalesbrandao","http:\/\/www.instagram.com.br\/thalesbrandaoferreira","https:\/\/www.linkedin.com\/in\/thales-brand\u00e3o-3948609\/","https:\/\/x.com\/http:\/\/www.twitter.com\/thalesbrandao"],"url":"https:\/\/www.cidademarketing.com.br\/marketing\/author\/thalesbrandao\/"}]}},"amp_enabled":true,"_links":{"self":[{"href":"https:\/\/www.cidademarketing.com.br\/marketing\/wp-json\/wp\/v2\/posts\/10236","targetHints":{"allow":["GET"]}}],"collection":[{"href":"https:\/\/www.cidademarketing.com.br\/marketing\/wp-json\/wp\/v2\/posts"}],"about":[{"href":"https:\/\/www.cidademarketing.com.br\/marketing\/wp-json\/wp\/v2\/types\/post"}],"author":[{"embeddable":true,"href":"https:\/\/www.cidademarketing.com.br\/marketing\/wp-json\/wp\/v2\/users\/1"}],"replies":[{"embeddable":true,"href":"https:\/\/www.cidademarketing.com.br\/marketing\/wp-json\/wp\/v2\/comments?post=10236"}],"version-history":[{"count":2,"href":"https:\/\/www.cidademarketing.com.br\/marketing\/wp-json\/wp\/v2\/posts\/10236\/revisions"}],"predecessor-version":[{"id":10238,"href":"https:\/\/www.cidademarketing.com.br\/marketing\/wp-json\/wp\/v2\/posts\/10236\/revisions\/10238"}],"wp:featuredmedia":[{"embeddable":true,"href":"https:\/\/www.cidademarketing.com.br\/marketing\/wp-json\/wp\/v2\/media\/9453"}],"wp:attachment":[{"href":"https:\/\/www.cidademarketing.com.br\/marketing\/wp-json\/wp\/v2\/media?parent=10236"}],"wp:term":[{"taxonomy":"category","embeddable":true,"href":"https:\/\/www.cidademarketing.com.br\/marketing\/wp-json\/wp\/v2\/categories?post=10236"},{"taxonomy":"post_tag","embeddable":true,"href":"https:\/\/www.cidademarketing.com.br\/marketing\/wp-json\/wp\/v2\/tags?post=10236"}],"curies":[{"name":"wp","href":"https:\/\/api.w.org\/{rel}","templated":true}]}}