{"id":10110,"date":"2019-07-18T16:44:35","date_gmt":"2019-07-18T12:44:35","guid":{"rendered":"https:\/\/www.cidademarketing.com.br\/marketing\/?p=10110"},"modified":"2019-07-18T16:44:41","modified_gmt":"2019-07-18T12:44:41","slug":"mec-apresenta-programa-que-muda-a-cultura-nas-instituicoes-publicas-de-ensino-superior","status":"publish","type":"post","link":"https:\/\/www.cidademarketing.com.br\/marketing\/2019\/07\/18\/mec-apresenta-programa-que-muda-a-cultura-nas-instituicoes-publicas-de-ensino-superior\/","title":{"rendered":"MEC apresenta programa que muda a cultura nas institui\u00e7\u00f5es p\u00fablicas de ensino superior"},"content":{"rendered":"\n<p>O Minist\u00e9rio da Educa\u00e7\u00e3o (MEC) lan\u00e7ou nesta quarta-feira, 17 de julho, o Future-se. In\u00e9dito e inovador, o programa prop\u00f5e uma mudan\u00e7a de cultura nas institui\u00e7\u00f5es p\u00fablicas de ensino superior: maior autonomia financeira a universidades e institutos federais. A cerim\u00f4nia foi realizada no audit\u00f3rio do Instituto Nacional de Estudos e Pesquisas Educacionais An\u00edsio Teixeira (Inep), em Bras\u00edlia.<\/p>\n\n\n\n<p>Assim como ocorre na reforma da Previd\u00eancia, sustentabilidade financeira e responsabilidade com o futuro s\u00e3o pilares do projeto. O fomento \u00e0 capta\u00e7\u00e3o de recursos pr\u00f3prios e ao empreendedorismo s\u00e3o algumas das propostas.<\/p>\n\n\n\n<p>\u201c[O Future-se] coloca o Brasil no mesmo patamar de pa\u00edses desenvolvidos. N\u00f3s buscamos as melhores pr\u00e1ticas e adaptamos para a realidade brasileira. A maioria das medidas j\u00e1 acontece aqui. N\u00f3s vamos potencializ\u00e1-las\u201d, disse o ministro da Educa\u00e7\u00e3o, Abraham Weintraub, durante o lan\u00e7amento.<\/p>\n\n\n\n<p>Segundo o secret\u00e1rio de Educa\u00e7\u00e3o Superior do MEC, Arnaldo Lima, o programa retira algumas barreiras burocr\u00e1ticas que as universidades enfrentam. \u201cO nosso potencial \u00e9 gigantesco. Os estudantes poder\u00e3o ser protagonistas do seu pr\u00f3prio destino. O nosso convite \u00e9: futurem-se\u201d, afirmou.<\/p>\n\n\n\n<p>O processo respeitar\u00e1 o princ\u00edpio da publicidade. A proposta do MEC vai passar por consulta p\u00fablica at\u00e9 o dia 15 de agosto. A popula\u00e7\u00e3o poder\u00e1 colaborar com o programa. As contribui\u00e7\u00f5es ser\u00e3o compiladas e uma proposta de mudan\u00e7a na legisla\u00e7\u00e3o, apresentada posteriormente.<\/p>\n\n\n\n<p>A ades\u00e3o ao Future-se ser\u00e1 volunt\u00e1ria. As universidades e os institutos federais n\u00e3o ser\u00e3o privatizados. O governo continuar\u00e1 a ter um or\u00e7amento anual destinado para as institui\u00e7\u00f5es.<\/p>\n\n\n\n<p>S\u00e3o mais de R$ 100 bilh\u00f5es aos quais universidades e institutos poder\u00e3o ter acesso. O dinheiro vir\u00e1, por exemplo, do patrim\u00f4nio da Uni\u00e3o, de fundos constitucionais, de leis de incentivos fiscais e dep\u00f3sitos \u00e0 vista, de recursos da cultura e de fundos patrimoniais.<\/p>\n\n\n\n<p>O Future-se tenta tornar mais eficiente pr\u00e1ticas existentes. As institui\u00e7\u00f5es j\u00e1 contam com receitas pr\u00f3prias \u2013 cerca de R$ 1 bilh\u00e3o de universidades, institutos e hospitais universit\u00e1rios somados. Mas os recursos n\u00e3o apresentam retorno direto para as atividades por conta de limita\u00e7\u00e3o legal. O dinheiro arrecadado vai para a Conta \u00danica do Tesouro. A proposta do MEC visa \u00e0 desburocratiza\u00e7\u00e3o do recebimento dessa verba.<\/p>\n\n\n\n<p><strong>Eixos \u2013<\/strong>&nbsp;O programa \u00e9 dividido em tr\u00eas eixos complementares. S\u00e3o eles:<\/p>\n\n\n\n<p><strong>Gest\u00e3o, Governan\u00e7a e Empreendedorismo<\/strong><\/p>\n\n\n\n<ul class=\"wp-block-list\"><li>Promover a sustentabilidade financeira, ao estabelecer limite de gasto com pessoal nas universidades e institutos \u2013 hoje, em m\u00e9dia, 85% do or\u00e7amento das institui\u00e7\u00f5es s\u00e3o destinados para isso. Para a administra\u00e7\u00e3o p\u00fablica, a Lei de Responsabilidade Fiscal (LRF) estabelece percentual m\u00e1ximo de 60%;<\/li><li>estabelecer requisitos de transpar\u00eancia, auditoria externa e compliance;<\/li><li>criar ranking das institui\u00e7\u00f5es com pr\u00eamio para as mais eficientes nos gastos;<\/li><li>gest\u00e3o imobili\u00e1ria: estimular o uso de im\u00f3veis da Uni\u00e3o e arrecadar por meio de contratos de cess\u00e3o de uso, concess\u00e3o, fundo de investimento e parcerias p\u00fablico-privadas (PPPs);<\/li><li>propiciar os meios para que os departamentos de universidades\/institutos arrecadem recursos pr\u00f3prios, com est\u00edmulo \u00e0 competi\u00e7\u00e3o entre as unidades;<\/li><li>autorizar naming rights (ter o nome de empresas\/patrocinadores e patronos) nos campi e em edif\u00edcios, o que possibilitaria a moderniza\u00e7\u00e3o e manuten\u00e7\u00e3o dos equipamentos com ajuda do setor privado.<\/li><\/ul>\n\n\n\n<p><strong>Pesquisa e inova\u00e7\u00e3o<\/strong><\/p>\n\n\n\n<ul class=\"wp-block-list\"><li>instalar centros de pesquisa e inova\u00e7\u00e3o, bem como parques tecnol\u00f3gicos;<\/li><li>assegurar ambiente de neg\u00f3cios favor\u00e1vel \u00e0 cria\u00e7\u00e3o e consolida\u00e7\u00e3o de startups, ou seja, de empresas com base tecnol\u00f3gica;<\/li><li>aproximar as institui\u00e7\u00f5es das empresas, para facilitar o acesso a recursos privados de quem tiver ideias de pesquisa e desenvolvimento;<\/li><li>premiar os principais projetos inovadores, com destaque para universidades de pequeno porte.<\/li><\/ul>\n\n\n\n<p><strong>Internacionaliza\u00e7\u00e3o<\/strong><\/p>\n\n\n\n<ul class=\"wp-block-list\"><li>Estimular interc\u00e2mbio de estudantes e professores, com foco na pesquisa aplicada;<\/li><li>revalida\u00e7\u00e3o de t\u00edtulos e diplomas estrangeiros por institui\u00e7\u00f5es p\u00fablicas e privadas com alto desempenho, de acordo com os crit\u00e9rios do MEC;<\/li><li>facilitar o acesso e a promo\u00e7\u00e3o de disciplinas em plataformas online;<\/li><li>firmar parcerias com institui\u00e7\u00f5es privadas para promover publica\u00e7\u00f5es de peri\u00f3dicos fora do Pa\u00eds;<\/li><li>possibilitar bolsas para estudantes atletas brasileiros em institui\u00e7\u00f5es estrangeiros.&nbsp;<\/li><\/ul>\n\n\n\n<p><strong>Fundo de investimento \u2013<\/strong>&nbsp;O programa ser\u00e1 financiado por um fundo de direito privado, que permitir\u00e1 o aumento da autonomia financeira das institui\u00e7\u00f5es federais de ensino. A administra\u00e7\u00e3o do fundo \u00e9 de responsabilidade de uma institui\u00e7\u00e3o financeira e funcionar\u00e1 sob regime de cotas.<\/p>\n\n\n\n<p><strong>Implementa\u00e7\u00e3o \u2013<\/strong>&nbsp;A operacionaliza\u00e7\u00e3o do Future-se ocorrer\u00e1 por meio de contratos de gest\u00e3o. Estes ser\u00e3o firmados pela Uni\u00e3o e pela institui\u00e7\u00e3o de ensino com organiza\u00e7\u00f5es sociais cujas atividades sejam dirigidas ao ensino, \u00e0 pesquisa cient\u00edfica, ao desenvolvimento tecnol\u00f3gico, \u00e0 cultura e estejam relacionadas \u00e0s finalidades do Future-se.Os contratos de gest\u00e3o poder\u00e3o ser celebrados com organiza\u00e7\u00f5es sociais j\u00e1 qualificadas pelo MEC.<\/p>\n\n\n\n<p>Al\u00e9m disso, as funda\u00e7\u00f5es de apoio poder\u00e3o ser qualificadas como organiza\u00e7\u00f5es sociais.A organiza\u00e7\u00e3o social contratada poder\u00e1 manter escrit\u00f3rios, representa\u00e7\u00f5es, depend\u00eancias e filiais em outras unidades da Federa\u00e7\u00e3o. A institui\u00e7\u00e3o de ensino pode viabilizar a instala\u00e7\u00e3o f\u00edsica em suas depend\u00eancias.As organiza\u00e7\u00f5es sociais s\u00e3o entidades de car\u00e1ter privado. Recebem o status \u201csocial\u201d ao comprovar efic\u00e1cia e fins sociais, entre outros requisitos.<\/p>\n\n\n\n<p><strong>Cases de sucesso \u2013<\/strong>&nbsp;O programa vai tornar mais produtivo e vi\u00e1vel um movimento que j\u00e1 ocorre nas universidades e institutos. A Universidade Federal de Lavras (Ufla), por exemplo, construiu uma esta\u00e7\u00e3o de esgoto e hoje \u00e9 autossuficiente em produ\u00e7\u00e3o de \u00e1gua e trata 100% de seu esgoto. A economia anual projetada \u00e9 de R$ 3,6 milh\u00f5es.<\/p>\n\n\n\n<p>J\u00e1 o Instituto Federal do Sul de Minas investiu R$ 467,4 mil na constru\u00e7\u00e3o de usinas fotovoltaicas para gera\u00e7\u00e3o de energia. O projeto gera economia anual de R$ 615 mil ao gerar energia suficiente para abastecer a reitoria e mais de 70% do campus.<\/p>\n\n\n\n<p>Na Universidade Federal de Campina Grande, a inova\u00e7\u00e3o ficou por conta do Programa de Inova\u00e7\u00e3o e Transfer\u00eancia de Tecnologia, que promove a capta\u00e7\u00e3o de recursos por meio de pesquisa e desenvolvimento. A institui\u00e7\u00f5es fez 83 registros de patentes, 35 de softwares e 3 marcas em 2018. Os recursos captados somam R$ 56.235.469,13.<\/p>\n\n\n\n<figure class=\"wp-block-embed-youtube wp-block-embed is-type-video is-provider-youtube wp-embed-aspect-16-9 wp-has-aspect-ratio\"><div class=\"wp-block-embed__wrapper\">\n<div class=\"youtube-embed\" data-video_id=\"KrQhIq2G81c\"><iframe title=\"Future-se | Lan\u00e7amento\" width=\"640\" height=\"360\" src=\"https:\/\/www.youtube.com\/embed\/KrQhIq2G81c?feature=oembed&#038;enablejsapi=1&#038;enablejsapi=1\" frameborder=\"0\" allow=\"accelerometer; autoplay; clipboard-write; encrypted-media; gyroscope; picture-in-picture; web-share\" referrerpolicy=\"strict-origin-when-cross-origin\" allowfullscreen><\/iframe><\/div>\n<\/div><\/figure>\n","protected":false},"excerpt":{"rendered":"<p>O Minist\u00e9rio da Educa\u00e7\u00e3o (MEC) lan\u00e7ou nesta quarta-feira, 17 de julho, o Future-se. In\u00e9dito e inovador, o programa prop\u00f5e uma mudan\u00e7a de cultura nas institui\u00e7\u00f5es p\u00fablicas de ensino superior: maior autonomia financeira a universidades e institutos federais. A cerim\u00f4nia foi realizada no audit\u00f3rio do Instituto Nacional de Estudos e Pesquisas Educacionais An\u00edsio Teixeira (Inep), em [&hellip;]<\/p>\n","protected":false},"author":1,"featured_media":10111,"comment_status":"open","ping_status":"open","sticky":false,"template":"","format":"standard","meta":{"tdm_status":"","tdm_grid_status":"","footnotes":""},"categories":[6],"tags":[100,28,151],"class_list":["post-10110","post","type-post","status-publish","format-standard","has-post-thumbnail","hentry","category-noticias","tag-educacao","tag-marketing","tag-mec"],"yoast_head":"<!-- This site is optimized with the Yoast SEO plugin v27.5 - https:\/\/yoast.com\/product\/yoast-seo-wordpress\/ -->\n<title>MEC apresenta programa que muda a cultura nas institui\u00e7\u00f5es p\u00fablicas de ensino superior - CidadeMarketing<\/title>\n<meta name=\"robots\" content=\"index, follow, max-snippet:-1, max-image-preview:large, max-video-preview:-1\" \/>\n<link rel=\"canonical\" href=\"https:\/\/www.cidademarketing.com.br\/marketing\/2019\/07\/18\/mec-apresenta-programa-que-muda-a-cultura-nas-instituicoes-publicas-de-ensino-superior\/\" \/>\n<meta property=\"og:locale\" content=\"pt_BR\" \/>\n<meta property=\"og:type\" content=\"article\" \/>\n<meta property=\"og:title\" content=\"MEC apresenta programa que muda a cultura nas institui\u00e7\u00f5es p\u00fablicas de ensino superior - CidadeMarketing\" \/>\n<meta property=\"og:description\" content=\"O Minist\u00e9rio da Educa\u00e7\u00e3o (MEC) lan\u00e7ou nesta quarta-feira, 17 de julho, o Future-se. In\u00e9dito e inovador, o programa prop\u00f5e uma mudan\u00e7a de cultura nas institui\u00e7\u00f5es p\u00fablicas de ensino superior: maior autonomia financeira a universidades e institutos federais. A cerim\u00f4nia foi realizada no audit\u00f3rio do Instituto Nacional de Estudos e Pesquisas Educacionais An\u00edsio Teixeira (Inep), em [&hellip;]\" \/>\n<meta property=\"og:url\" content=\"https:\/\/www.cidademarketing.com.br\/marketing\/2019\/07\/18\/mec-apresenta-programa-que-muda-a-cultura-nas-instituicoes-publicas-de-ensino-superior\/\" \/>\n<meta property=\"og:site_name\" content=\"CidadeMarketing\" \/>\n<meta property=\"article:publisher\" content=\"https:\/\/www.facebook.com\/portalcidademarketing\" \/>\n<meta property=\"article:author\" content=\"https:\/\/www.facebook.com\/thalesbrandao\" \/>\n<meta property=\"article:published_time\" content=\"2019-07-18T12:44:35+00:00\" \/>\n<meta property=\"article:modified_time\" content=\"2019-07-18T12:44:41+00:00\" \/>\n<meta property=\"og:image\" content=\"https:\/\/www.cidademarketing.com.br\/marketing\/wp-content\/uploads\/2019\/07\/mec_ministro.jpg\" \/>\n\t<meta property=\"og:image:width\" content=\"1265\" \/>\n\t<meta property=\"og:image:height\" content=\"848\" \/>\n\t<meta property=\"og:image:type\" content=\"image\/jpeg\" \/>\n<meta name=\"author\" content=\"Thales Brand\u00e3o\" \/>\n<meta name=\"twitter:card\" content=\"summary_large_image\" \/>\n<meta name=\"twitter:creator\" content=\"@http:\/\/www.twitter.com\/thalesbrandao\" \/>\n<meta name=\"twitter:site\" content=\"@CidadeMarketing\" \/>\n<meta name=\"twitter:label1\" content=\"Escrito por\" \/>\n\t<meta name=\"twitter:data1\" content=\"Thales Brand\u00e3o\" \/>\n\t<meta name=\"twitter:label2\" content=\"Est. tempo de leitura\" \/>\n\t<meta name=\"twitter:data2\" content=\"5 minutos\" \/>\n<script type=\"application\/ld+json\" class=\"yoast-schema-graph\">{\"@context\":\"https:\\\/\\\/schema.org\",\"@graph\":[{\"@type\":\"Article\",\"@id\":\"https:\\\/\\\/www.cidademarketing.com.br\\\/marketing\\\/2019\\\/07\\\/18\\\/mec-apresenta-programa-que-muda-a-cultura-nas-instituicoes-publicas-de-ensino-superior\\\/#article\",\"isPartOf\":{\"@id\":\"https:\\\/\\\/www.cidademarketing.com.br\\\/marketing\\\/2019\\\/07\\\/18\\\/mec-apresenta-programa-que-muda-a-cultura-nas-instituicoes-publicas-de-ensino-superior\\\/\"},\"author\":{\"name\":\"Thales Brand\u00e3o\",\"@id\":\"https:\\\/\\\/www.cidademarketing.com.br\\\/marketing\\\/#\\\/schema\\\/person\\\/02daff9f18bd9378c9e01eb6b2db155f\"},\"headline\":\"MEC apresenta programa que muda a cultura nas institui\u00e7\u00f5es p\u00fablicas de ensino superior\",\"datePublished\":\"2019-07-18T12:44:35+00:00\",\"dateModified\":\"2019-07-18T12:44:41+00:00\",\"mainEntityOfPage\":{\"@id\":\"https:\\\/\\\/www.cidademarketing.com.br\\\/marketing\\\/2019\\\/07\\\/18\\\/mec-apresenta-programa-que-muda-a-cultura-nas-instituicoes-publicas-de-ensino-superior\\\/\"},\"wordCount\":1091,\"commentCount\":0,\"publisher\":{\"@id\":\"https:\\\/\\\/www.cidademarketing.com.br\\\/marketing\\\/#organization\"},\"image\":{\"@id\":\"https:\\\/\\\/www.cidademarketing.com.br\\\/marketing\\\/2019\\\/07\\\/18\\\/mec-apresenta-programa-que-muda-a-cultura-nas-instituicoes-publicas-de-ensino-superior\\\/#primaryimage\"},\"thumbnailUrl\":\"https:\\\/\\\/www.cidademarketing.com.br\\\/marketing\\\/wp-content\\\/uploads\\\/2019\\\/07\\\/mec_ministro.jpg\",\"keywords\":[\"educa\u00e7\u00e3o\",\"marketing\",\"MEC\"],\"articleSection\":[\"Not\u00edcias\"],\"inLanguage\":\"pt-BR\",\"potentialAction\":[{\"@type\":\"CommentAction\",\"name\":\"Comment\",\"target\":[\"https:\\\/\\\/www.cidademarketing.com.br\\\/marketing\\\/2019\\\/07\\\/18\\\/mec-apresenta-programa-que-muda-a-cultura-nas-instituicoes-publicas-de-ensino-superior\\\/#respond\"]}]},{\"@type\":\"WebPage\",\"@id\":\"https:\\\/\\\/www.cidademarketing.com.br\\\/marketing\\\/2019\\\/07\\\/18\\\/mec-apresenta-programa-que-muda-a-cultura-nas-instituicoes-publicas-de-ensino-superior\\\/\",\"url\":\"https:\\\/\\\/www.cidademarketing.com.br\\\/marketing\\\/2019\\\/07\\\/18\\\/mec-apresenta-programa-que-muda-a-cultura-nas-instituicoes-publicas-de-ensino-superior\\\/\",\"name\":\"MEC apresenta programa que muda a cultura nas institui\u00e7\u00f5es p\u00fablicas de ensino superior - CidadeMarketing\",\"isPartOf\":{\"@id\":\"https:\\\/\\\/www.cidademarketing.com.br\\\/marketing\\\/#website\"},\"primaryImageOfPage\":{\"@id\":\"https:\\\/\\\/www.cidademarketing.com.br\\\/marketing\\\/2019\\\/07\\\/18\\\/mec-apresenta-programa-que-muda-a-cultura-nas-instituicoes-publicas-de-ensino-superior\\\/#primaryimage\"},\"image\":{\"@id\":\"https:\\\/\\\/www.cidademarketing.com.br\\\/marketing\\\/2019\\\/07\\\/18\\\/mec-apresenta-programa-que-muda-a-cultura-nas-instituicoes-publicas-de-ensino-superior\\\/#primaryimage\"},\"thumbnailUrl\":\"https:\\\/\\\/www.cidademarketing.com.br\\\/marketing\\\/wp-content\\\/uploads\\\/2019\\\/07\\\/mec_ministro.jpg\",\"datePublished\":\"2019-07-18T12:44:35+00:00\",\"dateModified\":\"2019-07-18T12:44:41+00:00\",\"breadcrumb\":{\"@id\":\"https:\\\/\\\/www.cidademarketing.com.br\\\/marketing\\\/2019\\\/07\\\/18\\\/mec-apresenta-programa-que-muda-a-cultura-nas-instituicoes-publicas-de-ensino-superior\\\/#breadcrumb\"},\"inLanguage\":\"pt-BR\",\"potentialAction\":[{\"@type\":\"ReadAction\",\"target\":[\"https:\\\/\\\/www.cidademarketing.com.br\\\/marketing\\\/2019\\\/07\\\/18\\\/mec-apresenta-programa-que-muda-a-cultura-nas-instituicoes-publicas-de-ensino-superior\\\/\"]}]},{\"@type\":\"ImageObject\",\"inLanguage\":\"pt-BR\",\"@id\":\"https:\\\/\\\/www.cidademarketing.com.br\\\/marketing\\\/2019\\\/07\\\/18\\\/mec-apresenta-programa-que-muda-a-cultura-nas-instituicoes-publicas-de-ensino-superior\\\/#primaryimage\",\"url\":\"https:\\\/\\\/www.cidademarketing.com.br\\\/marketing\\\/wp-content\\\/uploads\\\/2019\\\/07\\\/mec_ministro.jpg\",\"contentUrl\":\"https:\\\/\\\/www.cidademarketing.com.br\\\/marketing\\\/wp-content\\\/uploads\\\/2019\\\/07\\\/mec_ministro.jpg\",\"width\":1265,\"height\":848,\"caption\":\"Apresenta\u00e7\u00e3o do Programa Future-se. Fotos: Luis Fortes\\\/MEC\"},{\"@type\":\"BreadcrumbList\",\"@id\":\"https:\\\/\\\/www.cidademarketing.com.br\\\/marketing\\\/2019\\\/07\\\/18\\\/mec-apresenta-programa-que-muda-a-cultura-nas-instituicoes-publicas-de-ensino-superior\\\/#breadcrumb\",\"itemListElement\":[{\"@type\":\"ListItem\",\"position\":1,\"name\":\"In\u00edcio\",\"item\":\"https:\\\/\\\/www.cidademarketing.com.br\\\/marketing\\\/\"},{\"@type\":\"ListItem\",\"position\":2,\"name\":\"MEC apresenta programa que muda a cultura nas institui\u00e7\u00f5es p\u00fablicas de ensino superior\"}]},{\"@type\":\"WebSite\",\"@id\":\"https:\\\/\\\/www.cidademarketing.com.br\\\/marketing\\\/#website\",\"url\":\"https:\\\/\\\/www.cidademarketing.com.br\\\/marketing\\\/\",\"name\":\"CidadeMarketing\",\"description\":\"Somos um ve\u00edculo de comunica\u00e7\u00e3o de destaque no Brasil, reconhecido por conte\u00fados nos segmentos de marketing, empreendedorismo e inova\u00e7\u00e3o.\",\"publisher\":{\"@id\":\"https:\\\/\\\/www.cidademarketing.com.br\\\/marketing\\\/#organization\"},\"alternateName\":\"CidadeMarketing\",\"potentialAction\":[{\"@type\":\"SearchAction\",\"target\":{\"@type\":\"EntryPoint\",\"urlTemplate\":\"https:\\\/\\\/www.cidademarketing.com.br\\\/marketing\\\/?s={search_term_string}\"},\"query-input\":{\"@type\":\"PropertyValueSpecification\",\"valueRequired\":true,\"valueName\":\"search_term_string\"}}],\"inLanguage\":\"pt-BR\"},{\"@type\":\"Organization\",\"@id\":\"https:\\\/\\\/www.cidademarketing.com.br\\\/marketing\\\/#organization\",\"name\":\"CidadeMarketing\",\"alternateName\":\"CidadeMarketing\",\"url\":\"https:\\\/\\\/www.cidademarketing.com.br\\\/marketing\\\/\",\"logo\":{\"@type\":\"ImageObject\",\"inLanguage\":\"pt-BR\",\"@id\":\"https:\\\/\\\/www.cidademarketing.com.br\\\/marketing\\\/#\\\/schema\\\/logo\\\/image\\\/\",\"url\":\"https:\\\/\\\/www.cidademarketing.com.br\\\/marketing\\\/wp-content\\\/uploads\\\/2020\\\/01\\\/cidademarketing_marca_mobile.png\",\"contentUrl\":\"https:\\\/\\\/www.cidademarketing.com.br\\\/marketing\\\/wp-content\\\/uploads\\\/2020\\\/01\\\/cidademarketing_marca_mobile.png\",\"width\":230,\"height\":92,\"caption\":\"CidadeMarketing\"},\"image\":{\"@id\":\"https:\\\/\\\/www.cidademarketing.com.br\\\/marketing\\\/#\\\/schema\\\/logo\\\/image\\\/\"},\"sameAs\":[\"https:\\\/\\\/www.facebook.com\\\/portalcidademarketing\",\"https:\\\/\\\/x.com\\\/CidadeMarketing\",\"https:\\\/\\\/www.instagram.com\\\/cidademarketing\\\/\"]},{\"@type\":\"Person\",\"@id\":\"https:\\\/\\\/www.cidademarketing.com.br\\\/marketing\\\/#\\\/schema\\\/person\\\/02daff9f18bd9378c9e01eb6b2db155f\",\"name\":\"Thales Brand\u00e3o\",\"image\":{\"@type\":\"ImageObject\",\"inLanguage\":\"pt-BR\",\"@id\":\"https:\\\/\\\/secure.gravatar.com\\\/avatar\\\/7ca3206950207cc3cb48feec56a8a7898741ab725c368d99d5d7a5a50aab80c6?s=96&d=mm&r=g\",\"url\":\"https:\\\/\\\/secure.gravatar.com\\\/avatar\\\/7ca3206950207cc3cb48feec56a8a7898741ab725c368d99d5d7a5a50aab80c6?s=96&d=mm&r=g\",\"contentUrl\":\"https:\\\/\\\/secure.gravatar.com\\\/avatar\\\/7ca3206950207cc3cb48feec56a8a7898741ab725c368d99d5d7a5a50aab80c6?s=96&d=mm&r=g\",\"caption\":\"Thales Brand\u00e3o\"},\"description\":\"Editor Executivo do Portal CidadeMarketing.com.br &gt; Mestre em Comunica\u00e7\u00e3o e Sociedade pela Universidade Federal de Sergipe. Possui MBA Executivo em Administra\u00e7\u00e3o com \u00eanfase em Marketing pela Funda\u00e7\u00e3o Get\u00falio Vargas - Rio de Janeiro. Consultor, Palestrante e Pesquisador sobre Empreendedorismo, Marketing, Redes Sociais e Neg\u00f3cios Digitais. Professor, Palestrante TedxTalks e Campus Party. Twitter: @ThalesBrandao\",\"sameAs\":[\"http:\\\/\\\/www.mandacaru.com.br\",\"https:\\\/\\\/www.facebook.com\\\/thalesbrandao\",\"http:\\\/\\\/www.instagram.com.br\\\/thalesbrandaoferreira\",\"https:\\\/\\\/www.linkedin.com\\\/in\\\/thales-brand\u00e3o-3948609\\\/\",\"https:\\\/\\\/x.com\\\/http:\\\/\\\/www.twitter.com\\\/thalesbrandao\"],\"url\":\"https:\\\/\\\/www.cidademarketing.com.br\\\/marketing\\\/author\\\/thalesbrandao\\\/\"}]}<\/script>\n<!-- \/ Yoast SEO plugin. -->","yoast_head_json":{"title":"MEC apresenta programa que muda a cultura nas institui\u00e7\u00f5es p\u00fablicas de ensino superior - CidadeMarketing","robots":{"index":"index","follow":"follow","max-snippet":"max-snippet:-1","max-image-preview":"max-image-preview:large","max-video-preview":"max-video-preview:-1"},"canonical":"https:\/\/www.cidademarketing.com.br\/marketing\/2019\/07\/18\/mec-apresenta-programa-que-muda-a-cultura-nas-instituicoes-publicas-de-ensino-superior\/","og_locale":"pt_BR","og_type":"article","og_title":"MEC apresenta programa que muda a cultura nas institui\u00e7\u00f5es p\u00fablicas de ensino superior - CidadeMarketing","og_description":"O Minist\u00e9rio da Educa\u00e7\u00e3o (MEC) lan\u00e7ou nesta quarta-feira, 17 de julho, o Future-se. In\u00e9dito e inovador, o programa prop\u00f5e uma mudan\u00e7a de cultura nas institui\u00e7\u00f5es p\u00fablicas de ensino superior: maior autonomia financeira a universidades e institutos federais. A cerim\u00f4nia foi realizada no audit\u00f3rio do Instituto Nacional de Estudos e Pesquisas Educacionais An\u00edsio Teixeira (Inep), em [&hellip;]","og_url":"https:\/\/www.cidademarketing.com.br\/marketing\/2019\/07\/18\/mec-apresenta-programa-que-muda-a-cultura-nas-instituicoes-publicas-de-ensino-superior\/","og_site_name":"CidadeMarketing","article_publisher":"https:\/\/www.facebook.com\/portalcidademarketing","article_author":"https:\/\/www.facebook.com\/thalesbrandao","article_published_time":"2019-07-18T12:44:35+00:00","article_modified_time":"2019-07-18T12:44:41+00:00","og_image":[{"width":1265,"height":848,"url":"https:\/\/www.cidademarketing.com.br\/marketing\/wp-content\/uploads\/2019\/07\/mec_ministro.jpg","type":"image\/jpeg"}],"author":"Thales Brand\u00e3o","twitter_card":"summary_large_image","twitter_creator":"@http:\/\/www.twitter.com\/thalesbrandao","twitter_site":"@CidadeMarketing","twitter_misc":{"Escrito por":"Thales Brand\u00e3o","Est. tempo de leitura":"5 minutos"},"schema":{"@context":"https:\/\/schema.org","@graph":[{"@type":"Article","@id":"https:\/\/www.cidademarketing.com.br\/marketing\/2019\/07\/18\/mec-apresenta-programa-que-muda-a-cultura-nas-instituicoes-publicas-de-ensino-superior\/#article","isPartOf":{"@id":"https:\/\/www.cidademarketing.com.br\/marketing\/2019\/07\/18\/mec-apresenta-programa-que-muda-a-cultura-nas-instituicoes-publicas-de-ensino-superior\/"},"author":{"name":"Thales Brand\u00e3o","@id":"https:\/\/www.cidademarketing.com.br\/marketing\/#\/schema\/person\/02daff9f18bd9378c9e01eb6b2db155f"},"headline":"MEC apresenta programa que muda a cultura nas institui\u00e7\u00f5es p\u00fablicas de ensino superior","datePublished":"2019-07-18T12:44:35+00:00","dateModified":"2019-07-18T12:44:41+00:00","mainEntityOfPage":{"@id":"https:\/\/www.cidademarketing.com.br\/marketing\/2019\/07\/18\/mec-apresenta-programa-que-muda-a-cultura-nas-instituicoes-publicas-de-ensino-superior\/"},"wordCount":1091,"commentCount":0,"publisher":{"@id":"https:\/\/www.cidademarketing.com.br\/marketing\/#organization"},"image":{"@id":"https:\/\/www.cidademarketing.com.br\/marketing\/2019\/07\/18\/mec-apresenta-programa-que-muda-a-cultura-nas-instituicoes-publicas-de-ensino-superior\/#primaryimage"},"thumbnailUrl":"https:\/\/www.cidademarketing.com.br\/marketing\/wp-content\/uploads\/2019\/07\/mec_ministro.jpg","keywords":["educa\u00e7\u00e3o","marketing","MEC"],"articleSection":["Not\u00edcias"],"inLanguage":"pt-BR","potentialAction":[{"@type":"CommentAction","name":"Comment","target":["https:\/\/www.cidademarketing.com.br\/marketing\/2019\/07\/18\/mec-apresenta-programa-que-muda-a-cultura-nas-instituicoes-publicas-de-ensino-superior\/#respond"]}]},{"@type":"WebPage","@id":"https:\/\/www.cidademarketing.com.br\/marketing\/2019\/07\/18\/mec-apresenta-programa-que-muda-a-cultura-nas-instituicoes-publicas-de-ensino-superior\/","url":"https:\/\/www.cidademarketing.com.br\/marketing\/2019\/07\/18\/mec-apresenta-programa-que-muda-a-cultura-nas-instituicoes-publicas-de-ensino-superior\/","name":"MEC apresenta programa que muda a cultura nas institui\u00e7\u00f5es p\u00fablicas de ensino superior - CidadeMarketing","isPartOf":{"@id":"https:\/\/www.cidademarketing.com.br\/marketing\/#website"},"primaryImageOfPage":{"@id":"https:\/\/www.cidademarketing.com.br\/marketing\/2019\/07\/18\/mec-apresenta-programa-que-muda-a-cultura-nas-instituicoes-publicas-de-ensino-superior\/#primaryimage"},"image":{"@id":"https:\/\/www.cidademarketing.com.br\/marketing\/2019\/07\/18\/mec-apresenta-programa-que-muda-a-cultura-nas-instituicoes-publicas-de-ensino-superior\/#primaryimage"},"thumbnailUrl":"https:\/\/www.cidademarketing.com.br\/marketing\/wp-content\/uploads\/2019\/07\/mec_ministro.jpg","datePublished":"2019-07-18T12:44:35+00:00","dateModified":"2019-07-18T12:44:41+00:00","breadcrumb":{"@id":"https:\/\/www.cidademarketing.com.br\/marketing\/2019\/07\/18\/mec-apresenta-programa-que-muda-a-cultura-nas-instituicoes-publicas-de-ensino-superior\/#breadcrumb"},"inLanguage":"pt-BR","potentialAction":[{"@type":"ReadAction","target":["https:\/\/www.cidademarketing.com.br\/marketing\/2019\/07\/18\/mec-apresenta-programa-que-muda-a-cultura-nas-instituicoes-publicas-de-ensino-superior\/"]}]},{"@type":"ImageObject","inLanguage":"pt-BR","@id":"https:\/\/www.cidademarketing.com.br\/marketing\/2019\/07\/18\/mec-apresenta-programa-que-muda-a-cultura-nas-instituicoes-publicas-de-ensino-superior\/#primaryimage","url":"https:\/\/www.cidademarketing.com.br\/marketing\/wp-content\/uploads\/2019\/07\/mec_ministro.jpg","contentUrl":"https:\/\/www.cidademarketing.com.br\/marketing\/wp-content\/uploads\/2019\/07\/mec_ministro.jpg","width":1265,"height":848,"caption":"Apresenta\u00e7\u00e3o do Programa Future-se. Fotos: Luis Fortes\/MEC"},{"@type":"BreadcrumbList","@id":"https:\/\/www.cidademarketing.com.br\/marketing\/2019\/07\/18\/mec-apresenta-programa-que-muda-a-cultura-nas-instituicoes-publicas-de-ensino-superior\/#breadcrumb","itemListElement":[{"@type":"ListItem","position":1,"name":"In\u00edcio","item":"https:\/\/www.cidademarketing.com.br\/marketing\/"},{"@type":"ListItem","position":2,"name":"MEC apresenta programa que muda a cultura nas institui\u00e7\u00f5es p\u00fablicas de ensino superior"}]},{"@type":"WebSite","@id":"https:\/\/www.cidademarketing.com.br\/marketing\/#website","url":"https:\/\/www.cidademarketing.com.br\/marketing\/","name":"CidadeMarketing","description":"Somos um ve\u00edculo de comunica\u00e7\u00e3o de destaque no Brasil, reconhecido por conte\u00fados nos segmentos de marketing, empreendedorismo e inova\u00e7\u00e3o.","publisher":{"@id":"https:\/\/www.cidademarketing.com.br\/marketing\/#organization"},"alternateName":"CidadeMarketing","potentialAction":[{"@type":"SearchAction","target":{"@type":"EntryPoint","urlTemplate":"https:\/\/www.cidademarketing.com.br\/marketing\/?s={search_term_string}"},"query-input":{"@type":"PropertyValueSpecification","valueRequired":true,"valueName":"search_term_string"}}],"inLanguage":"pt-BR"},{"@type":"Organization","@id":"https:\/\/www.cidademarketing.com.br\/marketing\/#organization","name":"CidadeMarketing","alternateName":"CidadeMarketing","url":"https:\/\/www.cidademarketing.com.br\/marketing\/","logo":{"@type":"ImageObject","inLanguage":"pt-BR","@id":"https:\/\/www.cidademarketing.com.br\/marketing\/#\/schema\/logo\/image\/","url":"https:\/\/www.cidademarketing.com.br\/marketing\/wp-content\/uploads\/2020\/01\/cidademarketing_marca_mobile.png","contentUrl":"https:\/\/www.cidademarketing.com.br\/marketing\/wp-content\/uploads\/2020\/01\/cidademarketing_marca_mobile.png","width":230,"height":92,"caption":"CidadeMarketing"},"image":{"@id":"https:\/\/www.cidademarketing.com.br\/marketing\/#\/schema\/logo\/image\/"},"sameAs":["https:\/\/www.facebook.com\/portalcidademarketing","https:\/\/x.com\/CidadeMarketing","https:\/\/www.instagram.com\/cidademarketing\/"]},{"@type":"Person","@id":"https:\/\/www.cidademarketing.com.br\/marketing\/#\/schema\/person\/02daff9f18bd9378c9e01eb6b2db155f","name":"Thales Brand\u00e3o","image":{"@type":"ImageObject","inLanguage":"pt-BR","@id":"https:\/\/secure.gravatar.com\/avatar\/7ca3206950207cc3cb48feec56a8a7898741ab725c368d99d5d7a5a50aab80c6?s=96&d=mm&r=g","url":"https:\/\/secure.gravatar.com\/avatar\/7ca3206950207cc3cb48feec56a8a7898741ab725c368d99d5d7a5a50aab80c6?s=96&d=mm&r=g","contentUrl":"https:\/\/secure.gravatar.com\/avatar\/7ca3206950207cc3cb48feec56a8a7898741ab725c368d99d5d7a5a50aab80c6?s=96&d=mm&r=g","caption":"Thales Brand\u00e3o"},"description":"Editor Executivo do Portal CidadeMarketing.com.br &gt; Mestre em Comunica\u00e7\u00e3o e Sociedade pela Universidade Federal de Sergipe. Possui MBA Executivo em Administra\u00e7\u00e3o com \u00eanfase em Marketing pela Funda\u00e7\u00e3o Get\u00falio Vargas - Rio de Janeiro. Consultor, Palestrante e Pesquisador sobre Empreendedorismo, Marketing, Redes Sociais e Neg\u00f3cios Digitais. Professor, Palestrante TedxTalks e Campus Party. Twitter: @ThalesBrandao","sameAs":["http:\/\/www.mandacaru.com.br","https:\/\/www.facebook.com\/thalesbrandao","http:\/\/www.instagram.com.br\/thalesbrandaoferreira","https:\/\/www.linkedin.com\/in\/thales-brand\u00e3o-3948609\/","https:\/\/x.com\/http:\/\/www.twitter.com\/thalesbrandao"],"url":"https:\/\/www.cidademarketing.com.br\/marketing\/author\/thalesbrandao\/"}]}},"amp_enabled":true,"_links":{"self":[{"href":"https:\/\/www.cidademarketing.com.br\/marketing\/wp-json\/wp\/v2\/posts\/10110","targetHints":{"allow":["GET"]}}],"collection":[{"href":"https:\/\/www.cidademarketing.com.br\/marketing\/wp-json\/wp\/v2\/posts"}],"about":[{"href":"https:\/\/www.cidademarketing.com.br\/marketing\/wp-json\/wp\/v2\/types\/post"}],"author":[{"embeddable":true,"href":"https:\/\/www.cidademarketing.com.br\/marketing\/wp-json\/wp\/v2\/users\/1"}],"replies":[{"embeddable":true,"href":"https:\/\/www.cidademarketing.com.br\/marketing\/wp-json\/wp\/v2\/comments?post=10110"}],"version-history":[{"count":1,"href":"https:\/\/www.cidademarketing.com.br\/marketing\/wp-json\/wp\/v2\/posts\/10110\/revisions"}],"predecessor-version":[{"id":10112,"href":"https:\/\/www.cidademarketing.com.br\/marketing\/wp-json\/wp\/v2\/posts\/10110\/revisions\/10112"}],"wp:featuredmedia":[{"embeddable":true,"href":"https:\/\/www.cidademarketing.com.br\/marketing\/wp-json\/wp\/v2\/media\/10111"}],"wp:attachment":[{"href":"https:\/\/www.cidademarketing.com.br\/marketing\/wp-json\/wp\/v2\/media?parent=10110"}],"wp:term":[{"taxonomy":"category","embeddable":true,"href":"https:\/\/www.cidademarketing.com.br\/marketing\/wp-json\/wp\/v2\/categories?post=10110"},{"taxonomy":"post_tag","embeddable":true,"href":"https:\/\/www.cidademarketing.com.br\/marketing\/wp-json\/wp\/v2\/tags?post=10110"}],"curies":[{"name":"wp","href":"https:\/\/api.w.org\/{rel}","templated":true}]}}