{"id":1008,"date":"2013-04-24T20:26:11","date_gmt":"2013-04-24T23:26:11","guid":{"rendered":"http:\/\/www.cidademarketing.com.br\/marketing\/?p=1008"},"modified":"2018-07-24T20:33:33","modified_gmt":"2018-07-24T23:33:33","slug":"e-se-voce-nao-tiver-perfil-empreendedor","status":"publish","type":"post","link":"https:\/\/www.cidademarketing.com.br\/marketing\/2013\/04\/24\/e-se-voce-nao-tiver-perfil-empreendedor\/","title":{"rendered":"E se voc\u00ea n\u00e3o tiver perfil empreendedor?"},"content":{"rendered":"<p>H\u00e1 poucos dias recebi uma mensagem de um leitor bastante preocupado com a relev\u00e2ncia que o tema \u2018empreendedorismo&#8217; vem ganhando em todas as esferas. De fato, se prestarmos aten\u00e7\u00e3o, veremos que o empreendedor \u00e9 uma figura que al\u00e7ou o posto de \u2018salvador da p\u00e1tria&#8217;, a economia precisa de empreendedores, os l\u00edderes precisam ser empreendedores, candidatos a prefeito adotaram o termo em seus discursos para conseguir votos, passando pelo mundo da moda, pelos esportes, pela arte e na fam\u00edlia, todo mundo tem que ser empreendedor.<\/p>\n<p>&nbsp;<\/p>\n<p>A apreens\u00e3o surge ao fazer qualquer tipo de teste de perfil empreendedor. Quando os resultados indicam que a pessoa n\u00e3o gosta de mudan\u00e7as, n\u00e3o aceita correr riscos, n\u00e3o vislumbra um futuro muito al\u00e9m do m\u00eas seguinte, n\u00e3o \u00e9 comunicativo nem espont\u00e2neo, n\u00e3o \u00e9 criativo, tem p\u00e9ssimo faro para oportunidades e \u00e9 pouco organizado, o que se pode fazer? simplesmente n\u00e3o h\u00e1 espa\u00e7o para ele neste mundo de empreendedores?<\/p>\n<p>&nbsp;<\/p>\n<p>Bem, a minha resposta \u00e9 a seguinte: N\u00e3o se desespere, pois o mundo n\u00e3o vai acabar para voc\u00ea por n\u00e3o ter as caracter\u00edsticas do empreendedor de sucesso. A Terra continuar\u00e1 a girar, o Sol continuar\u00e1 a se por ao final de cada dia, as empresas continuar\u00e3o suas atividades mercantis e as pessoas continuar\u00e3o as mesmas por um longo tempo. Em primeiro lugar, precisamos nos anestesiar um pouco da dissemina\u00e7\u00e3o impr\u00f3pria do termo \u2018empreendedorismo&#8217; pelo mundo afora. O perfil empreendedor representa aquilo que sempre se valorizou em mercados competitivos no mundo inteiro, simplesmente acharam um termo que explica o que todo mundo j\u00e1 sabia: As pessoas precisam ter iniciativa e assumir a responsabilidade pelas realiza\u00e7\u00f5es que trar\u00e3o benef\u00edcios para si e para a comunidade. A populariza\u00e7\u00e3o e massifica\u00e7\u00e3o de express\u00f5es como esta refletem os \u2018modismos&#8217; empresariais que ajudaram a vulgarizar muitas das conhecidas \u2018buzzwords&#8217; como lideran\u00e7a, teamwork, inova\u00e7\u00e3o, qualidade, entre tantas outras. As mais recentes s\u00e3o resili\u00eancia e assertividade.<\/p>\n<p>&nbsp;<\/p>\n<p>Em segundo lugar, os n\u00e3o-empreendedores tamb\u00e9m s\u00e3o importantes. A despeito dos avan\u00e7os na tecnologia, as atividades rotineiras ainda fazem parte de qualquer trabalho. Ainda vamos precisar de pessoas que, sem criatividade, ajudem a \u2018carregar o piano&#8217;. Ainda precisaremos de pessoas que vejam sentido no lado bom da burocracia, que pode ser traduzido por \u2018Organiza\u00e7\u00e3o&#8217;. De forma alguma poderemos dispensar aqueles que se satisfazem em cumprir o seu hor\u00e1rio de trabalho e fazem aquilo que foi determinado na sua descri\u00e7\u00e3o de cargo. O problema \u00e9 que antes do \u2018boom&#8217; sobre o assunto, os empreendedores estavam, dentro das empresas, no mesmo n\u00edvel que os demais &#8216;mortais&#8217; e seu potencial estava se neutralizando por conta dos paradigmas corporativos que impediam, e impedem, a manifesta\u00e7\u00e3o deste tipo de talento.<\/p>\n<p>&nbsp;<\/p>\n<p>Em terceiro lugar, j\u00e1 pensou uma sele\u00e7\u00e3o brasileira s\u00f3 de Ronaldos? Um time s\u00f3 \u00e9 completo e efetivo se tiver bons goleiros, bons atacantes, bons zagueiros, bons pontas, bons meios-de-campo, com habilidades distintas. Um bom finalizador geralmente \u00e9 p\u00e9ssimo na marca\u00e7\u00e3o. Excelentes armadores de jogadas podem ser uma nega\u00e7\u00e3o ao orientar a defesa. O que quero dizer \u00e9 que existem diversos tipos de empreendedores, tudo depende da habilidade necess\u00e1ria para o projeto. Por isso, antes de assumir que voc\u00ea n\u00e3o \u00e9 empreendedor, procure saber que TIPO de empreendedor voc\u00ea n\u00e3o \u00e9 e de repente voc\u00ea pode at\u00e9 descobrir que pode ser OUTRO tipo de empreendedor. N\u00e3o existe o empreendedor completo, o super-homem que possui todas estas propaladas qualidades. O que existe \u00e9 um rol de habilidades utilizadas para determinadas necessidades. Um cara criativo, junto com um bom administrador, assessorado por um especialista no assunto, formam uma Equipe Empreendedora. E, no final das contas, \u00e9 isso o que conta e n\u00e3o um \u00fanico respons\u00e1vel por tudo.<\/p>\n<p>&nbsp;<\/p>\n<p>Por \u00faltimo, s\u00f3 porque voc\u00ea n\u00e3o tem um perfil empreendedor, n\u00e3o quer dizer que n\u00e3o possa adquirir este perfil. Existem v\u00e1rias escolas que estudam o empreendedorismo, algumas dizem que o empreendedorismo \u00e9 inato, outras dizem que pode ser desenvolvido. Eu, conhecendo todas as escolas, digo que todas est\u00e3o certas. Algumas caracter\u00edsticas\/comportamentos s\u00e3o inatas, mas outras habilidades podem ser desenvolvidas, dadas as devidas condi\u00e7\u00f5es. Independentemente da origem cultural, forma\u00e7\u00e3o educacional ou experi\u00eancias vividas, qualquer pessoa pode aprender a empreender. Criatividade pode ser treinada, t\u00e9cnicas de gest\u00e3o podem ser aprendidas, relacionamento pessoal pode ser desenvolvido. O importante \u00e9 saber qual o seu potencial empreendedor, que habilidades voc\u00ea tem mais suscetibilidade para desenvolver. O processo de auto-conhecimento \u00e9 fundamental para definir a linha de forma\u00e7\u00e3o. Conhecendo seus pontos fortes e fracos, seus desejos e expectativas, suas experi\u00eancias positivas e negativas, seus prazeres e desprazeres, voc\u00ea ter\u00e1 como tra\u00e7ar um plano de desenvolvimento de algum dos v\u00e1rios perfis empreendedores que existem.<\/p>\n","protected":false},"excerpt":{"rendered":"<p>H\u00e1 poucos dias recebi uma mensagem de um leitor bastante preocupado com a relev\u00e2ncia que o tema \u2018empreendedorismo&#8217; vem ganhando em todas as esferas. De fato, se prestarmos aten\u00e7\u00e3o, veremos que o empreendedor \u00e9 uma figura que al\u00e7ou o posto de \u2018salvador da p\u00e1tria&#8217;, a economia precisa de empreendedores, os l\u00edderes precisam ser empreendedores, candidatos [&hellip;]<\/p>\n","protected":false},"author":3,"featured_media":0,"comment_status":"open","ping_status":"open","sticky":false,"template":"","format":"standard","meta":{"tdm_status":"","tdm_grid_status":"","footnotes":""},"categories":[12,22],"tags":[27],"class_list":["post-1008","post","type-post","status-publish","format-standard","hentry","category-artigos","category-marcoshashimoto","tag-empreendedorismo"],"yoast_head":"<!-- This site is optimized with the Yoast SEO plugin v27.5 - https:\/\/yoast.com\/product\/yoast-seo-wordpress\/ -->\n<title>E se voc\u00ea n\u00e3o tiver perfil empreendedor? - CidadeMarketing<\/title>\n<meta name=\"robots\" content=\"index, follow, max-snippet:-1, max-image-preview:large, max-video-preview:-1\" \/>\n<link rel=\"canonical\" href=\"https:\/\/www.cidademarketing.com.br\/marketing\/2013\/04\/24\/e-se-voce-nao-tiver-perfil-empreendedor\/\" \/>\n<meta property=\"og:locale\" content=\"pt_BR\" \/>\n<meta property=\"og:type\" content=\"article\" \/>\n<meta property=\"og:title\" content=\"E se voc\u00ea n\u00e3o tiver perfil empreendedor? - CidadeMarketing\" \/>\n<meta property=\"og:description\" content=\"H\u00e1 poucos dias recebi uma mensagem de um leitor bastante preocupado com a relev\u00e2ncia que o tema \u2018empreendedorismo&#8217; vem ganhando em todas as esferas. De fato, se prestarmos aten\u00e7\u00e3o, veremos que o empreendedor \u00e9 uma figura que al\u00e7ou o posto de \u2018salvador da p\u00e1tria&#8217;, a economia precisa de empreendedores, os l\u00edderes precisam ser empreendedores, candidatos [&hellip;]\" \/>\n<meta property=\"og:url\" content=\"https:\/\/www.cidademarketing.com.br\/marketing\/2013\/04\/24\/e-se-voce-nao-tiver-perfil-empreendedor\/\" \/>\n<meta property=\"og:site_name\" content=\"CidadeMarketing\" \/>\n<meta property=\"article:publisher\" content=\"https:\/\/www.facebook.com\/portalcidademarketing\" \/>\n<meta property=\"article:published_time\" content=\"2013-04-24T23:26:11+00:00\" \/>\n<meta property=\"article:modified_time\" content=\"2018-07-24T23:33:33+00:00\" \/>\n<meta name=\"author\" content=\"Marcos Hashimoto\" \/>\n<meta name=\"twitter:card\" content=\"summary_large_image\" \/>\n<meta name=\"twitter:creator\" content=\"@https:\/\/twitter.com\/mhashimo\" \/>\n<meta name=\"twitter:site\" content=\"@CidadeMarketing\" \/>\n<meta name=\"twitter:label1\" content=\"Escrito por\" \/>\n\t<meta name=\"twitter:data1\" content=\"Marcos Hashimoto\" \/>\n\t<meta name=\"twitter:label2\" content=\"Est. tempo de leitura\" \/>\n\t<meta name=\"twitter:data2\" content=\"4 minutos\" \/>\n<script type=\"application\/ld+json\" class=\"yoast-schema-graph\">{\"@context\":\"https:\\\/\\\/schema.org\",\"@graph\":[{\"@type\":\"Article\",\"@id\":\"https:\\\/\\\/www.cidademarketing.com.br\\\/marketing\\\/2013\\\/04\\\/24\\\/e-se-voce-nao-tiver-perfil-empreendedor\\\/#article\",\"isPartOf\":{\"@id\":\"https:\\\/\\\/www.cidademarketing.com.br\\\/marketing\\\/2013\\\/04\\\/24\\\/e-se-voce-nao-tiver-perfil-empreendedor\\\/\"},\"author\":{\"name\":\"Marcos Hashimoto\",\"@id\":\"https:\\\/\\\/www.cidademarketing.com.br\\\/marketing\\\/#\\\/schema\\\/person\\\/3044ebdd904e94716154ebfa24f315af\"},\"headline\":\"E se voc\u00ea n\u00e3o tiver perfil empreendedor?\",\"datePublished\":\"2013-04-24T23:26:11+00:00\",\"dateModified\":\"2018-07-24T23:33:33+00:00\",\"mainEntityOfPage\":{\"@id\":\"https:\\\/\\\/www.cidademarketing.com.br\\\/marketing\\\/2013\\\/04\\\/24\\\/e-se-voce-nao-tiver-perfil-empreendedor\\\/\"},\"wordCount\":827,\"commentCount\":0,\"publisher\":{\"@id\":\"https:\\\/\\\/www.cidademarketing.com.br\\\/marketing\\\/#organization\"},\"keywords\":[\"empreendedorismo\"],\"articleSection\":[\"Artigos\",\"Marcos Hashimoto\"],\"inLanguage\":\"pt-BR\",\"potentialAction\":[{\"@type\":\"CommentAction\",\"name\":\"Comment\",\"target\":[\"https:\\\/\\\/www.cidademarketing.com.br\\\/marketing\\\/2013\\\/04\\\/24\\\/e-se-voce-nao-tiver-perfil-empreendedor\\\/#respond\"]}]},{\"@type\":\"WebPage\",\"@id\":\"https:\\\/\\\/www.cidademarketing.com.br\\\/marketing\\\/2013\\\/04\\\/24\\\/e-se-voce-nao-tiver-perfil-empreendedor\\\/\",\"url\":\"https:\\\/\\\/www.cidademarketing.com.br\\\/marketing\\\/2013\\\/04\\\/24\\\/e-se-voce-nao-tiver-perfil-empreendedor\\\/\",\"name\":\"E se voc\u00ea n\u00e3o tiver perfil empreendedor? - CidadeMarketing\",\"isPartOf\":{\"@id\":\"https:\\\/\\\/www.cidademarketing.com.br\\\/marketing\\\/#website\"},\"datePublished\":\"2013-04-24T23:26:11+00:00\",\"dateModified\":\"2018-07-24T23:33:33+00:00\",\"breadcrumb\":{\"@id\":\"https:\\\/\\\/www.cidademarketing.com.br\\\/marketing\\\/2013\\\/04\\\/24\\\/e-se-voce-nao-tiver-perfil-empreendedor\\\/#breadcrumb\"},\"inLanguage\":\"pt-BR\",\"potentialAction\":[{\"@type\":\"ReadAction\",\"target\":[\"https:\\\/\\\/www.cidademarketing.com.br\\\/marketing\\\/2013\\\/04\\\/24\\\/e-se-voce-nao-tiver-perfil-empreendedor\\\/\"]}]},{\"@type\":\"BreadcrumbList\",\"@id\":\"https:\\\/\\\/www.cidademarketing.com.br\\\/marketing\\\/2013\\\/04\\\/24\\\/e-se-voce-nao-tiver-perfil-empreendedor\\\/#breadcrumb\",\"itemListElement\":[{\"@type\":\"ListItem\",\"position\":1,\"name\":\"In\u00edcio\",\"item\":\"https:\\\/\\\/www.cidademarketing.com.br\\\/marketing\\\/\"},{\"@type\":\"ListItem\",\"position\":2,\"name\":\"E se voc\u00ea n\u00e3o tiver perfil empreendedor?\"}]},{\"@type\":\"WebSite\",\"@id\":\"https:\\\/\\\/www.cidademarketing.com.br\\\/marketing\\\/#website\",\"url\":\"https:\\\/\\\/www.cidademarketing.com.br\\\/marketing\\\/\",\"name\":\"CidadeMarketing\",\"description\":\"Somos um ve\u00edculo de comunica\u00e7\u00e3o de destaque no Brasil, reconhecido por conte\u00fados nos segmentos de marketing, empreendedorismo e inova\u00e7\u00e3o.\",\"publisher\":{\"@id\":\"https:\\\/\\\/www.cidademarketing.com.br\\\/marketing\\\/#organization\"},\"alternateName\":\"CidadeMarketing\",\"potentialAction\":[{\"@type\":\"SearchAction\",\"target\":{\"@type\":\"EntryPoint\",\"urlTemplate\":\"https:\\\/\\\/www.cidademarketing.com.br\\\/marketing\\\/?s={search_term_string}\"},\"query-input\":{\"@type\":\"PropertyValueSpecification\",\"valueRequired\":true,\"valueName\":\"search_term_string\"}}],\"inLanguage\":\"pt-BR\"},{\"@type\":\"Organization\",\"@id\":\"https:\\\/\\\/www.cidademarketing.com.br\\\/marketing\\\/#organization\",\"name\":\"CidadeMarketing\",\"alternateName\":\"CidadeMarketing\",\"url\":\"https:\\\/\\\/www.cidademarketing.com.br\\\/marketing\\\/\",\"logo\":{\"@type\":\"ImageObject\",\"inLanguage\":\"pt-BR\",\"@id\":\"https:\\\/\\\/www.cidademarketing.com.br\\\/marketing\\\/#\\\/schema\\\/logo\\\/image\\\/\",\"url\":\"https:\\\/\\\/www.cidademarketing.com.br\\\/marketing\\\/wp-content\\\/uploads\\\/2020\\\/01\\\/cidademarketing_marca_mobile.png\",\"contentUrl\":\"https:\\\/\\\/www.cidademarketing.com.br\\\/marketing\\\/wp-content\\\/uploads\\\/2020\\\/01\\\/cidademarketing_marca_mobile.png\",\"width\":230,\"height\":92,\"caption\":\"CidadeMarketing\"},\"image\":{\"@id\":\"https:\\\/\\\/www.cidademarketing.com.br\\\/marketing\\\/#\\\/schema\\\/logo\\\/image\\\/\"},\"sameAs\":[\"https:\\\/\\\/www.facebook.com\\\/portalcidademarketing\",\"https:\\\/\\\/x.com\\\/CidadeMarketing\",\"https:\\\/\\\/www.instagram.com\\\/cidademarketing\\\/\"]},{\"@type\":\"Person\",\"@id\":\"https:\\\/\\\/www.cidademarketing.com.br\\\/marketing\\\/#\\\/schema\\\/person\\\/3044ebdd904e94716154ebfa24f315af\",\"name\":\"Marcos Hashimoto\",\"image\":{\"@type\":\"ImageObject\",\"inLanguage\":\"pt-BR\",\"@id\":\"https:\\\/\\\/secure.gravatar.com\\\/avatar\\\/4a74c704d9d8685d70b01b21233611ffd5f911c99e13a8a81d153ec2a0ee6714?s=96&d=mm&r=g\",\"url\":\"https:\\\/\\\/secure.gravatar.com\\\/avatar\\\/4a74c704d9d8685d70b01b21233611ffd5f911c99e13a8a81d153ec2a0ee6714?s=96&d=mm&r=g\",\"contentUrl\":\"https:\\\/\\\/secure.gravatar.com\\\/avatar\\\/4a74c704d9d8685d70b01b21233611ffd5f911c99e13a8a81d153ec2a0ee6714?s=96&d=mm&r=g\",\"caption\":\"Marcos Hashimoto\"},\"description\":\"Professor de Empreendedorismo da Universidade de Indianapolis e co-fundador da Polifonia, escola de Protagonismo Criativo de S\u00e3o Paulo. Consultor e palestrante. Exerceu cargos executivos em multinacionais como Citibank e Cargill Agr\u00edcola. Autor dos livros - Esp\u00edrito Empreendedor nas Organiza\u00e7\u00f5es e Li\u00e7\u00f5es de Empreendedorismo. Autor do software de plano de Neg\u00f3cios SP Plan. Professor visitante da Universidade do Texas em San Antonio e professor mentor do programa REE Fellows da Universidade de Stanford\",\"sameAs\":[\"https:\\\/\\\/www.linkedin.com\\\/in\\\/marcoshashimoto\\\/?locale=pt_BR\",\"https:\\\/\\\/x.com\\\/https:\\\/\\\/twitter.com\\\/mhashimo\"],\"url\":\"https:\\\/\\\/www.cidademarketing.com.br\\\/marketing\\\/author\\\/marcos-hashimoto\\\/\"}]}<\/script>\n<!-- \/ Yoast SEO plugin. -->","yoast_head_json":{"title":"E se voc\u00ea n\u00e3o tiver perfil empreendedor? - CidadeMarketing","robots":{"index":"index","follow":"follow","max-snippet":"max-snippet:-1","max-image-preview":"max-image-preview:large","max-video-preview":"max-video-preview:-1"},"canonical":"https:\/\/www.cidademarketing.com.br\/marketing\/2013\/04\/24\/e-se-voce-nao-tiver-perfil-empreendedor\/","og_locale":"pt_BR","og_type":"article","og_title":"E se voc\u00ea n\u00e3o tiver perfil empreendedor? - CidadeMarketing","og_description":"H\u00e1 poucos dias recebi uma mensagem de um leitor bastante preocupado com a relev\u00e2ncia que o tema \u2018empreendedorismo&#8217; vem ganhando em todas as esferas. De fato, se prestarmos aten\u00e7\u00e3o, veremos que o empreendedor \u00e9 uma figura que al\u00e7ou o posto de \u2018salvador da p\u00e1tria&#8217;, a economia precisa de empreendedores, os l\u00edderes precisam ser empreendedores, candidatos [&hellip;]","og_url":"https:\/\/www.cidademarketing.com.br\/marketing\/2013\/04\/24\/e-se-voce-nao-tiver-perfil-empreendedor\/","og_site_name":"CidadeMarketing","article_publisher":"https:\/\/www.facebook.com\/portalcidademarketing","article_published_time":"2013-04-24T23:26:11+00:00","article_modified_time":"2018-07-24T23:33:33+00:00","author":"Marcos Hashimoto","twitter_card":"summary_large_image","twitter_creator":"@https:\/\/twitter.com\/mhashimo","twitter_site":"@CidadeMarketing","twitter_misc":{"Escrito por":"Marcos Hashimoto","Est. tempo de leitura":"4 minutos"},"schema":{"@context":"https:\/\/schema.org","@graph":[{"@type":"Article","@id":"https:\/\/www.cidademarketing.com.br\/marketing\/2013\/04\/24\/e-se-voce-nao-tiver-perfil-empreendedor\/#article","isPartOf":{"@id":"https:\/\/www.cidademarketing.com.br\/marketing\/2013\/04\/24\/e-se-voce-nao-tiver-perfil-empreendedor\/"},"author":{"name":"Marcos Hashimoto","@id":"https:\/\/www.cidademarketing.com.br\/marketing\/#\/schema\/person\/3044ebdd904e94716154ebfa24f315af"},"headline":"E se voc\u00ea n\u00e3o tiver perfil empreendedor?","datePublished":"2013-04-24T23:26:11+00:00","dateModified":"2018-07-24T23:33:33+00:00","mainEntityOfPage":{"@id":"https:\/\/www.cidademarketing.com.br\/marketing\/2013\/04\/24\/e-se-voce-nao-tiver-perfil-empreendedor\/"},"wordCount":827,"commentCount":0,"publisher":{"@id":"https:\/\/www.cidademarketing.com.br\/marketing\/#organization"},"keywords":["empreendedorismo"],"articleSection":["Artigos","Marcos Hashimoto"],"inLanguage":"pt-BR","potentialAction":[{"@type":"CommentAction","name":"Comment","target":["https:\/\/www.cidademarketing.com.br\/marketing\/2013\/04\/24\/e-se-voce-nao-tiver-perfil-empreendedor\/#respond"]}]},{"@type":"WebPage","@id":"https:\/\/www.cidademarketing.com.br\/marketing\/2013\/04\/24\/e-se-voce-nao-tiver-perfil-empreendedor\/","url":"https:\/\/www.cidademarketing.com.br\/marketing\/2013\/04\/24\/e-se-voce-nao-tiver-perfil-empreendedor\/","name":"E se voc\u00ea n\u00e3o tiver perfil empreendedor? - CidadeMarketing","isPartOf":{"@id":"https:\/\/www.cidademarketing.com.br\/marketing\/#website"},"datePublished":"2013-04-24T23:26:11+00:00","dateModified":"2018-07-24T23:33:33+00:00","breadcrumb":{"@id":"https:\/\/www.cidademarketing.com.br\/marketing\/2013\/04\/24\/e-se-voce-nao-tiver-perfil-empreendedor\/#breadcrumb"},"inLanguage":"pt-BR","potentialAction":[{"@type":"ReadAction","target":["https:\/\/www.cidademarketing.com.br\/marketing\/2013\/04\/24\/e-se-voce-nao-tiver-perfil-empreendedor\/"]}]},{"@type":"BreadcrumbList","@id":"https:\/\/www.cidademarketing.com.br\/marketing\/2013\/04\/24\/e-se-voce-nao-tiver-perfil-empreendedor\/#breadcrumb","itemListElement":[{"@type":"ListItem","position":1,"name":"In\u00edcio","item":"https:\/\/www.cidademarketing.com.br\/marketing\/"},{"@type":"ListItem","position":2,"name":"E se voc\u00ea n\u00e3o tiver perfil empreendedor?"}]},{"@type":"WebSite","@id":"https:\/\/www.cidademarketing.com.br\/marketing\/#website","url":"https:\/\/www.cidademarketing.com.br\/marketing\/","name":"CidadeMarketing","description":"Somos um ve\u00edculo de comunica\u00e7\u00e3o de destaque no Brasil, reconhecido por conte\u00fados nos segmentos de marketing, empreendedorismo e inova\u00e7\u00e3o.","publisher":{"@id":"https:\/\/www.cidademarketing.com.br\/marketing\/#organization"},"alternateName":"CidadeMarketing","potentialAction":[{"@type":"SearchAction","target":{"@type":"EntryPoint","urlTemplate":"https:\/\/www.cidademarketing.com.br\/marketing\/?s={search_term_string}"},"query-input":{"@type":"PropertyValueSpecification","valueRequired":true,"valueName":"search_term_string"}}],"inLanguage":"pt-BR"},{"@type":"Organization","@id":"https:\/\/www.cidademarketing.com.br\/marketing\/#organization","name":"CidadeMarketing","alternateName":"CidadeMarketing","url":"https:\/\/www.cidademarketing.com.br\/marketing\/","logo":{"@type":"ImageObject","inLanguage":"pt-BR","@id":"https:\/\/www.cidademarketing.com.br\/marketing\/#\/schema\/logo\/image\/","url":"https:\/\/www.cidademarketing.com.br\/marketing\/wp-content\/uploads\/2020\/01\/cidademarketing_marca_mobile.png","contentUrl":"https:\/\/www.cidademarketing.com.br\/marketing\/wp-content\/uploads\/2020\/01\/cidademarketing_marca_mobile.png","width":230,"height":92,"caption":"CidadeMarketing"},"image":{"@id":"https:\/\/www.cidademarketing.com.br\/marketing\/#\/schema\/logo\/image\/"},"sameAs":["https:\/\/www.facebook.com\/portalcidademarketing","https:\/\/x.com\/CidadeMarketing","https:\/\/www.instagram.com\/cidademarketing\/"]},{"@type":"Person","@id":"https:\/\/www.cidademarketing.com.br\/marketing\/#\/schema\/person\/3044ebdd904e94716154ebfa24f315af","name":"Marcos Hashimoto","image":{"@type":"ImageObject","inLanguage":"pt-BR","@id":"https:\/\/secure.gravatar.com\/avatar\/4a74c704d9d8685d70b01b21233611ffd5f911c99e13a8a81d153ec2a0ee6714?s=96&d=mm&r=g","url":"https:\/\/secure.gravatar.com\/avatar\/4a74c704d9d8685d70b01b21233611ffd5f911c99e13a8a81d153ec2a0ee6714?s=96&d=mm&r=g","contentUrl":"https:\/\/secure.gravatar.com\/avatar\/4a74c704d9d8685d70b01b21233611ffd5f911c99e13a8a81d153ec2a0ee6714?s=96&d=mm&r=g","caption":"Marcos Hashimoto"},"description":"Professor de Empreendedorismo da Universidade de Indianapolis e co-fundador da Polifonia, escola de Protagonismo Criativo de S\u00e3o Paulo. Consultor e palestrante. Exerceu cargos executivos em multinacionais como Citibank e Cargill Agr\u00edcola. Autor dos livros - Esp\u00edrito Empreendedor nas Organiza\u00e7\u00f5es e Li\u00e7\u00f5es de Empreendedorismo. Autor do software de plano de Neg\u00f3cios SP Plan. Professor visitante da Universidade do Texas em San Antonio e professor mentor do programa REE Fellows da Universidade de Stanford","sameAs":["https:\/\/www.linkedin.com\/in\/marcoshashimoto\/?locale=pt_BR","https:\/\/x.com\/https:\/\/twitter.com\/mhashimo"],"url":"https:\/\/www.cidademarketing.com.br\/marketing\/author\/marcos-hashimoto\/"}]}},"amp_enabled":true,"_links":{"self":[{"href":"https:\/\/www.cidademarketing.com.br\/marketing\/wp-json\/wp\/v2\/posts\/1008","targetHints":{"allow":["GET"]}}],"collection":[{"href":"https:\/\/www.cidademarketing.com.br\/marketing\/wp-json\/wp\/v2\/posts"}],"about":[{"href":"https:\/\/www.cidademarketing.com.br\/marketing\/wp-json\/wp\/v2\/types\/post"}],"author":[{"embeddable":true,"href":"https:\/\/www.cidademarketing.com.br\/marketing\/wp-json\/wp\/v2\/users\/3"}],"replies":[{"embeddable":true,"href":"https:\/\/www.cidademarketing.com.br\/marketing\/wp-json\/wp\/v2\/comments?post=1008"}],"version-history":[{"count":1,"href":"https:\/\/www.cidademarketing.com.br\/marketing\/wp-json\/wp\/v2\/posts\/1008\/revisions"}],"predecessor-version":[{"id":1009,"href":"https:\/\/www.cidademarketing.com.br\/marketing\/wp-json\/wp\/v2\/posts\/1008\/revisions\/1009"}],"wp:attachment":[{"href":"https:\/\/www.cidademarketing.com.br\/marketing\/wp-json\/wp\/v2\/media?parent=1008"}],"wp:term":[{"taxonomy":"category","embeddable":true,"href":"https:\/\/www.cidademarketing.com.br\/marketing\/wp-json\/wp\/v2\/categories?post=1008"},{"taxonomy":"post_tag","embeddable":true,"href":"https:\/\/www.cidademarketing.com.br\/marketing\/wp-json\/wp\/v2\/tags?post=1008"}],"curies":[{"name":"wp","href":"https:\/\/api.w.org\/{rel}","templated":true}]}}